{"id":36866,"date":"2024-12-16T12:49:46","date_gmt":"2024-12-16T11:49:46","guid":{"rendered":"https:\/\/www.krzysztofkolodziej.com\/domkopernika\/?p=36866"},"modified":"2024-12-16T13:50:20","modified_gmt":"2024-12-16T12:50:20","slug":"geny-neandertalczykow-w-naszym-dna-co-mowia-nowe-badania","status":"publish","type":"post","link":"https:\/\/www.krzysztofkolodziej.com\/domkopernika\/medycyna\/geny-neandertalczykow-w-naszym-dna-co-mowia-nowe-badania\/","title":{"rendered":"Geny neandertalczyk\u00f3w w naszym DNA: co m\u00f3wi\u0105 nowe badania?"},"content":{"rendered":"<div>\n<div id=\"bsf_rt_marker\"><\/div>\n<div class=\"flex-shrink-0 flex flex-col relative items-end\">\n<div>\n<div class=\"pt-0\">\n<div class=\"gizmo-bot-avatar flex h-8 w-8 items-center justify-center overflow-hidden rounded-full\">\n<div class=\"relative p-1 rounded-sm flex items-center justify-center bg-token-main-surface-primary text-token-text-primary h-8 w-8\"><span style=\"font-size: 16px;\">Najnowsze odkrycia mi\u0119dzynarodowego zespo\u0142u naukowc\u00f3w precyzuj\u0105, kiedy cz\u0142owiek wsp\u00f3\u0142czesny (Homo sapiens) krzy\u017cowa\u0142 si\u0119 z neandertalczykami, a tak\u017ce jakie znaczenie mia\u0142y te interakcje dla ewolucji naszego gatunku. Badania opublikowane w czasopi\u015bmie <\/span><em style=\"font-size: 16px;\">Science<\/em><span style=\"font-size: 16px;\"> oraz innych \u017ar\u00f3d\u0142ach genetycznych dostarczaj\u0105 nie tylko dok\u0142adnych dat, ale tak\u017ce szczeg\u00f3\u0142owych informacji o wp\u0142ywie neandertalskiego dziedzictwa na przystosowanie ludzi do nowych \u015brodowisk.<\/span><\/div>\n<div><\/div>\n<div>\n<div class=\"wp-block-image\"><img fetchpriority=\"high\" decoding=\"async\" class=\"wpa-warning wpa-image-missing-alt alignnone wp-image-23289\" src=\"https:\/\/www.krzysztofkolodziej.com\/domkopernika\/wp-content\/uploads\/2024\/12\/000KACIW099L640R-C116-F4-300x219-1.jpeg\" sizes=\"(max-width: 788px) 100vw, 788px\" srcset=\"https:\/\/www.krzysztofkolodziej.com\/domkopernika\/wp-content\/uploads\/2024\/12\/000KACIW099L640R-C116-F4-300x219-1.jpeg 300w, https:\/\/www.sgmk.edu.pl\/wp-content\/uploads\/2024\/12\/000KACIW099L640R-C116-F4.jpeg 602w\" alt=\"\" width=\"788\" height=\"575\" data-warning=\"Missing alt text\" \/><\/div>\n<div><\/div>\n<\/div>\n<\/div>\n<\/div>\n<\/div>\n<\/div>\n<div class=\"group\/conversation-turn relative flex w-full min-w-0 flex-col agent-turn\">\n<div class=\"flex-col gap-1 md:gap-3\">\n<div class=\"flex max-w-full flex-col flex-grow\">\n<div class=\"min-h-8 text-message flex w-full flex-col items-end gap-2 whitespace-normal break-words text-start [.text-message+&amp;]:mt-5\" dir=\"auto\" data-message-author-role=\"assistant\" data-message-id=\"49c9c1a9-7525-4164-8f97-9c19d3b87d82\" data-message-model-slug=\"gpt-4o\">\n<div class=\"flex w-full flex-col gap-1 empty:hidden first:pt-[3px]\">\n<div class=\"markdown prose w-full break-words dark:prose-invert dark\">\n<h3>Nowe daty krzy\u017cowania si\u0119 gatunk\u00f3w<\/h3>\n<p>Wed\u0142ug analiz genetycznych, Homo sapiens i neandertalczycy krzy\u017cowali si\u0119 oko\u0142o 50,5 tysi\u0105ca lat temu, a ten proces trwa\u0142 przez niemal 7 tysi\u0119cy lat. Z najnowszych bada\u0144 wynika jednak, \u017ce w niekt\u00f3rych przypadkach mog\u0142o to rozpocz\u0105\u0107 si\u0119 nawet 47 tysi\u0119cy lat temu. Analizy genom\u00f3w staro\u017cytnych ludzi, w tym 59 osobnik\u00f3w \u017cyj\u0105cych od 2 do 45 tysi\u0119cy lat temu, wskazuj\u0105, \u017ce w efekcie tych interakcji wczesne populacje Homo sapiens mog\u0142y posiada\u0107 a\u017c 5% neandertalskiego DNA. Wsp\u00f3\u0142cze\u015bnie ludzie pochodzenia pozafryka\u0144skiego maj\u0105 \u015brednio od 1% do 2% takich gen\u00f3w.<\/p>\n<p>Neandertalskie DNA wp\u0142yn\u0119\u0142o na rozw\u00f3j cech zwi\u0105zanych z odporno\u015bci\u0105, metabolizmem oraz pigmentacj\u0105 sk\u00f3ry, co prawdopodobnie pomog\u0142o Homo sapiens przystosowa\u0107 si\u0119 do \u017cycia w ch\u0142odniejszych regionach Eurazji. Geny te by\u0142y korzystne w nowych \u015brodowiskach i sprzyja\u0142y przetrwaniu. Jednocze\u015bnie istniej\u0105 obszary w genomie cz\u0142owieka ca\u0142kowicie pozbawione wp\u0142ywu neandertalskiego \u2013 naturalna selekcja mog\u0142a eliminowa\u0107 geny, kt\u00f3re negatywnie wp\u0142ywa\u0142y na zdrowie czy zdolno\u015bci reprodukcyjne.<\/p>\n<p>Do genetycznych interakcji dochodzi\u0142o g\u0142\u00f3wnie w regionie Azji Zachodniej, gdzie migruj\u0105cy Homo sapiens spotykali neandertalczyk\u00f3w. Co interesuj\u0105ce, badania sugeruj\u0105, \u017ce transfer gen\u00f3w odbywa\u0142 si\u0119 g\u0142\u00f3wnie w jedn\u0105 stron\u0119 \u2013 z neandertalczyk\u00f3w do Homo sapiens. Niekt\u00f3re z tych gen\u00f3w, mimo \u017ce by\u0142y powszechne w przesz\u0142o\u015bci, zanik\u0142y w kolejnych tysi\u0105cleciach, co dodatkowo podkre\u015bla dynamik\u0119 ewolucji cz\u0142owieka wsp\u00f3\u0142czesnego.<\/p>\n<div class=\"wp-block-image\"><img decoding=\"async\" class=\"wpa-warning wpa-image-missing-alt alignnone wp-image-23290\" src=\"https:\/\/www.krzysztofkolodziej.com\/domkopernika\/wp-content\/uploads\/2024\/12\/000KACQ6RESQAAJV-C116-F4-300x210-1.webp\" sizes=\"(max-width: 770px) 100vw, 770px\" srcset=\"https:\/\/www.krzysztofkolodziej.com\/domkopernika\/wp-content\/uploads\/2024\/12\/000KACQ6RESQAAJV-C116-F4-300x210-1.webp 300w, https:\/\/www.sgmk.edu.pl\/wp-content\/uploads\/2024\/12\/000KACQ6RESQAAJV-C116-F4.webp 625w\" alt=\"\" width=\"770\" height=\"539\" data-warning=\"Missing alt text\" \/><\/div>\n<div><\/div>\n<h3>Archeologia i genetyka w zgodzie<\/h3>\n<p>Daty ustalone dzi\u0119ki analizom genetycznym odpowiadaj\u0105 dowodom archeologicznym, wskazuj\u0105cym na wsp\u00f3\u0142istnienie Homo sapiens i neandertalczyk\u00f3w w Europie oraz Azji. Znaleziska ze stanowisk takich jak Oase, Ust\u2019-Ishim czy Bacho Kiro ukazuj\u0105 du\u017ce dziedzictwo neandertalskie w genomie pierwszych przedstawicieli Homo sapiens, kt\u00f3re jednak zanika\u0142o oko\u0142o 40 tysi\u0119cy lat temu.<\/p>\n<p>Naukowcy podkre\u015blaj\u0105, \u017ce dalsze badania nad genomami staro\u017cytnych populacji, szczeg\u00f3lnie z Azji Po\u0142udniowo-Wschodniej i Oceanii, mog\u0105 dostarczy\u0107 jeszcze dok\u0142adniejszych informacji o migracjach ludzi wsp\u00f3\u0142czesnych oraz ich interakcjach z neandertalczykami. Zrozumienie dziedzictwa neandertalskiego mo\u017ce tak\u017ce wyja\u015bni\u0107 mechanizmy adaptacyjne cz\u0142owieka wobec nowych \u015brodowisk i wyzwa\u0144.<\/p>\n<hr \/>\n<p>\u0179r\u00f3d\u0142a: <a href=\"https:\/\/archaeologymag.com\/2024\/06\/humans-and-neanderthals-interbred-47000-years-ago\/\">archaeologymag.com<\/a>, <a href=\"https:\/\/www.livescience.com\/archaeology\/neanderthals-and-humans-interbred-47000-years-ago-for-nearly-7000-years-research-suggests\">www.livescience.com<\/a>,\u00a0 <a href=\"https:\/\/scitechdaily.com\/unveiled-by-ancient-dna-the-true-timeline-of-human-neanderthal-interbreeding\/\">scitechdaily.com<\/a>,<\/p>\n<\/div>\n<\/div>\n<\/div>\n<\/div>\n<\/div>\n<\/div>\n<\/div>\n","protected":false},"excerpt":{"rendered":"<p>Najnowsze odkrycia mi\u0119dzynarodowego zespo\u0142u naukowc\u00f3w precyzuj\u0105, kiedy cz\u0142owiek wsp\u00f3\u0142czesny (Homo sapiens) krzy\u017cowa\u0142 si\u0119 z neandertalczykami, a tak\u017ce jakie znaczenie mia\u0142y te interakcje dla ewolucji naszego gatunku. Badania opublikowane w czasopi\u015bmie&hellip;<\/p>\n","protected":false},"author":4,"featured_media":36867,"comment_status":"closed","ping_status":"closed","sticky":false,"template":"","format":"standard","meta":{"footnotes":""},"categories":[309,322],"tags":[],"class_list":["post-36866","post","type-post","status-publish","format-standard","has-post-thumbnail","hentry","category-medycyna","category-newsy-popularnonaukowe"],"yoast_head":"<!-- This site is optimized with the Yoast SEO plugin v27.5 - https:\/\/yoast.com\/product\/yoast-seo-wordpress\/ -->\n<title>Dom Kopernika - Geny neandertalczyk\u00f3w w naszym DNA: co m\u00f3wi\u0105 nowe badania?<\/title>\n<meta name=\"robots\" content=\"noindex, follow\" \/>\n<meta property=\"og:locale\" content=\"pl_PL\" \/>\n<meta property=\"og:type\" content=\"article\" \/>\n<meta property=\"og:title\" content=\"Dom Kopernika - Geny neandertalczyk\u00f3w w naszym DNA: co m\u00f3wi\u0105 nowe badania?\" \/>\n<meta property=\"og:description\" content=\"Najnowsze odkrycia mi\u0119dzynarodowego zespo\u0142u naukowc\u00f3w precyzuj\u0105, kiedy cz\u0142owiek wsp\u00f3\u0142czesny (Homo sapiens) krzy\u017cowa\u0142 si\u0119 z neandertalczykami, a tak\u017ce jakie znaczenie mia\u0142y te interakcje dla ewolucji naszego gatunku. Badania opublikowane w czasopi\u015bmie&hellip;\" \/>\n<meta property=\"og:url\" content=\"https:\/\/www.krzysztofkolodziej.com\/domkopernika\/medycyna\/geny-neandertalczykow-w-naszym-dna-co-mowia-nowe-badania\/\" \/>\n<meta property=\"og:site_name\" content=\"Dom Kopernika\" \/>\n<meta property=\"article:published_time\" content=\"2024-12-16T11:49:46+00:00\" \/>\n<meta property=\"article:modified_time\" content=\"2024-12-16T12:50:20+00:00\" \/>\n<meta property=\"og:image\" content=\"https:\/\/www.krzysztofkolodziej.com\/domkopernika\/wp-content\/uploads\/2024\/12\/000KACIW099L640R-C116-F4-300x219-1.jpeg\" \/>\n\t<meta property=\"og:image:width\" content=\"300\" \/>\n\t<meta property=\"og:image:height\" content=\"219\" \/>\n\t<meta property=\"og:image:type\" content=\"image\/jpeg\" \/>\n<meta name=\"author\" content=\"Krzysztof Ko\u0142odziej\" \/>\n<meta name=\"twitter:card\" content=\"summary_large_image\" \/>\n<meta name=\"twitter:label1\" content=\"Napisane przez\" \/>\n\t<meta name=\"twitter:data1\" content=\"Krzysztof Ko\u0142odziej\" \/>\n\t<meta name=\"twitter:label2\" content=\"Szacowany czas czytania\" \/>\n\t<meta name=\"twitter:data2\" content=\"3 minuty\" \/>\n<script type=\"application\/ld+json\" class=\"yoast-schema-graph\">{\"@context\":\"https:\\\/\\\/schema.org\",\"@graph\":[{\"@type\":\"NewsArticle\",\"@id\":\"https:\\\/\\\/www.krzysztofkolodziej.com\\\/domkopernika\\\/medycyna\\\/geny-neandertalczykow-w-naszym-dna-co-mowia-nowe-badania\\\/#article\",\"isPartOf\":{\"@id\":\"https:\\\/\\\/www.krzysztofkolodziej.com\\\/domkopernika\\\/medycyna\\\/geny-neandertalczykow-w-naszym-dna-co-mowia-nowe-badania\\\/\"},\"author\":{\"name\":\"Krzysztof Ko\u0142odziej\",\"@id\":\"https:\\\/\\\/www.krzysztofkolodziej.com\\\/domkopernika\\\/#\\\/schema\\\/person\\\/875cb93c53b4270be43f471e7ed855ae\"},\"headline\":\"Geny neandertalczyk\u00f3w w naszym DNA: co m\u00f3wi\u0105 nowe badania?\",\"datePublished\":\"2024-12-16T11:49:46+00:00\",\"dateModified\":\"2024-12-16T12:50:20+00:00\",\"mainEntityOfPage\":{\"@id\":\"https:\\\/\\\/www.krzysztofkolodziej.com\\\/domkopernika\\\/medycyna\\\/geny-neandertalczykow-w-naszym-dna-co-mowia-nowe-badania\\\/\"},\"wordCount\":455,\"image\":{\"@id\":\"https:\\\/\\\/www.krzysztofkolodziej.com\\\/domkopernika\\\/medycyna\\\/geny-neandertalczykow-w-naszym-dna-co-mowia-nowe-badania\\\/#primaryimage\"},\"thumbnailUrl\":\"https:\\\/\\\/www.krzysztofkolodziej.com\\\/domkopernika\\\/wp-content\\\/uploads\\\/2024\\\/12\\\/000KACIW099L640R-C116-F4-300x219-1.jpeg\",\"articleSection\":[\"Medycyna\",\"Newsy popularnonaukowe\"],\"inLanguage\":\"pl-PL\"},{\"@type\":\"WebPage\",\"@id\":\"https:\\\/\\\/www.krzysztofkolodziej.com\\\/domkopernika\\\/medycyna\\\/geny-neandertalczykow-w-naszym-dna-co-mowia-nowe-badania\\\/\",\"url\":\"https:\\\/\\\/www.krzysztofkolodziej.com\\\/domkopernika\\\/medycyna\\\/geny-neandertalczykow-w-naszym-dna-co-mowia-nowe-badania\\\/\",\"name\":\"Dom Kopernika - Geny neandertalczyk\u00f3w w naszym DNA: co m\u00f3wi\u0105 nowe badania?\",\"isPartOf\":{\"@id\":\"https:\\\/\\\/www.krzysztofkolodziej.com\\\/domkopernika\\\/#website\"},\"primaryImageOfPage\":{\"@id\":\"https:\\\/\\\/www.krzysztofkolodziej.com\\\/domkopernika\\\/medycyna\\\/geny-neandertalczykow-w-naszym-dna-co-mowia-nowe-badania\\\/#primaryimage\"},\"image\":{\"@id\":\"https:\\\/\\\/www.krzysztofkolodziej.com\\\/domkopernika\\\/medycyna\\\/geny-neandertalczykow-w-naszym-dna-co-mowia-nowe-badania\\\/#primaryimage\"},\"thumbnailUrl\":\"https:\\\/\\\/www.krzysztofkolodziej.com\\\/domkopernika\\\/wp-content\\\/uploads\\\/2024\\\/12\\\/000KACIW099L640R-C116-F4-300x219-1.jpeg\",\"datePublished\":\"2024-12-16T11:49:46+00:00\",\"dateModified\":\"2024-12-16T12:50:20+00:00\",\"author\":{\"@id\":\"https:\\\/\\\/www.krzysztofkolodziej.com\\\/domkopernika\\\/#\\\/schema\\\/person\\\/875cb93c53b4270be43f471e7ed855ae\"},\"breadcrumb\":{\"@id\":\"https:\\\/\\\/www.krzysztofkolodziej.com\\\/domkopernika\\\/medycyna\\\/geny-neandertalczykow-w-naszym-dna-co-mowia-nowe-badania\\\/#breadcrumb\"},\"inLanguage\":\"pl-PL\",\"potentialAction\":[{\"@type\":\"ReadAction\",\"target\":[\"https:\\\/\\\/www.krzysztofkolodziej.com\\\/domkopernika\\\/medycyna\\\/geny-neandertalczykow-w-naszym-dna-co-mowia-nowe-badania\\\/\"]}]},{\"@type\":\"ImageObject\",\"inLanguage\":\"pl-PL\",\"@id\":\"https:\\\/\\\/www.krzysztofkolodziej.com\\\/domkopernika\\\/medycyna\\\/geny-neandertalczykow-w-naszym-dna-co-mowia-nowe-badania\\\/#primaryimage\",\"url\":\"https:\\\/\\\/www.krzysztofkolodziej.com\\\/domkopernika\\\/wp-content\\\/uploads\\\/2024\\\/12\\\/000KACIW099L640R-C116-F4-300x219-1.jpeg\",\"contentUrl\":\"https:\\\/\\\/www.krzysztofkolodziej.com\\\/domkopernika\\\/wp-content\\\/uploads\\\/2024\\\/12\\\/000KACIW099L640R-C116-F4-300x219-1.jpeg\",\"width\":300,\"height\":219},{\"@type\":\"BreadcrumbList\",\"@id\":\"https:\\\/\\\/www.krzysztofkolodziej.com\\\/domkopernika\\\/medycyna\\\/geny-neandertalczykow-w-naszym-dna-co-mowia-nowe-badania\\\/#breadcrumb\",\"itemListElement\":[{\"@type\":\"ListItem\",\"position\":1,\"name\":\"Strona g\u0142\u00f3wna\",\"item\":\"https:\\\/\\\/www.krzysztofkolodziej.com\\\/domkopernika\\\/\"},{\"@type\":\"ListItem\",\"position\":2,\"name\":\"Geny neandertalczyk\u00f3w w naszym DNA: co m\u00f3wi\u0105 nowe badania?\"}]},{\"@type\":\"WebSite\",\"@id\":\"https:\\\/\\\/www.krzysztofkolodziej.com\\\/domkopernika\\\/#website\",\"url\":\"https:\\\/\\\/www.krzysztofkolodziej.com\\\/domkopernika\\\/\",\"name\":\"Dom Kopernika\",\"description\":\"\",\"potentialAction\":[{\"@type\":\"SearchAction\",\"target\":{\"@type\":\"EntryPoint\",\"urlTemplate\":\"https:\\\/\\\/www.krzysztofkolodziej.com\\\/domkopernika\\\/?s={search_term_string}\"},\"query-input\":{\"@type\":\"PropertyValueSpecification\",\"valueRequired\":true,\"valueName\":\"search_term_string\"}}],\"inLanguage\":\"pl-PL\"},{\"@type\":\"Person\",\"@id\":\"https:\\\/\\\/www.krzysztofkolodziej.com\\\/domkopernika\\\/#\\\/schema\\\/person\\\/875cb93c53b4270be43f471e7ed855ae\",\"name\":\"Krzysztof Ko\u0142odziej\",\"image\":{\"@type\":\"ImageObject\",\"inLanguage\":\"pl-PL\",\"@id\":\"https:\\\/\\\/secure.gravatar.com\\\/avatar\\\/fc642545621257206083f066631fe607f7feef26b40d4c54d8ce5bbd466fe17e?s=96&d=mm&r=g\",\"url\":\"https:\\\/\\\/secure.gravatar.com\\\/avatar\\\/fc642545621257206083f066631fe607f7feef26b40d4c54d8ce5bbd466fe17e?s=96&d=mm&r=g\",\"contentUrl\":\"https:\\\/\\\/secure.gravatar.com\\\/avatar\\\/fc642545621257206083f066631fe607f7feef26b40d4c54d8ce5bbd466fe17e?s=96&d=mm&r=g\",\"caption\":\"Krzysztof Ko\u0142odziej\"},\"url\":\"https:\\\/\\\/www.krzysztofkolodziej.com\\\/domkopernika\\\/author\\\/krzysztof-kolodziej\\\/\"}]}<\/script>\n<!-- \/ Yoast SEO plugin. -->","yoast_head_json":{"title":"Dom Kopernika - Geny neandertalczyk\u00f3w w naszym DNA: co m\u00f3wi\u0105 nowe badania?","robots":{"index":"noindex","follow":"follow"},"og_locale":"pl_PL","og_type":"article","og_title":"Dom Kopernika - Geny neandertalczyk\u00f3w w naszym DNA: co m\u00f3wi\u0105 nowe badania?","og_description":"Najnowsze odkrycia mi\u0119dzynarodowego zespo\u0142u naukowc\u00f3w precyzuj\u0105, kiedy cz\u0142owiek wsp\u00f3\u0142czesny (Homo sapiens) krzy\u017cowa\u0142 si\u0119 z neandertalczykami, a tak\u017ce jakie znaczenie mia\u0142y te interakcje dla ewolucji naszego gatunku. Badania opublikowane w czasopi\u015bmie&hellip;","og_url":"https:\/\/www.krzysztofkolodziej.com\/domkopernika\/medycyna\/geny-neandertalczykow-w-naszym-dna-co-mowia-nowe-badania\/","og_site_name":"Dom Kopernika","article_published_time":"2024-12-16T11:49:46+00:00","article_modified_time":"2024-12-16T12:50:20+00:00","og_image":[{"width":300,"height":219,"url":"https:\/\/www.krzysztofkolodziej.com\/domkopernika\/wp-content\/uploads\/2024\/12\/000KACIW099L640R-C116-F4-300x219-1.jpeg","type":"image\/jpeg"}],"author":"Krzysztof Ko\u0142odziej","twitter_card":"summary_large_image","twitter_misc":{"Napisane przez":"Krzysztof Ko\u0142odziej","Szacowany czas czytania":"3 minuty"},"schema":{"@context":"https:\/\/schema.org","@graph":[{"@type":"NewsArticle","@id":"https:\/\/www.krzysztofkolodziej.com\/domkopernika\/medycyna\/geny-neandertalczykow-w-naszym-dna-co-mowia-nowe-badania\/#article","isPartOf":{"@id":"https:\/\/www.krzysztofkolodziej.com\/domkopernika\/medycyna\/geny-neandertalczykow-w-naszym-dna-co-mowia-nowe-badania\/"},"author":{"name":"Krzysztof Ko\u0142odziej","@id":"https:\/\/www.krzysztofkolodziej.com\/domkopernika\/#\/schema\/person\/875cb93c53b4270be43f471e7ed855ae"},"headline":"Geny neandertalczyk\u00f3w w naszym DNA: co m\u00f3wi\u0105 nowe badania?","datePublished":"2024-12-16T11:49:46+00:00","dateModified":"2024-12-16T12:50:20+00:00","mainEntityOfPage":{"@id":"https:\/\/www.krzysztofkolodziej.com\/domkopernika\/medycyna\/geny-neandertalczykow-w-naszym-dna-co-mowia-nowe-badania\/"},"wordCount":455,"image":{"@id":"https:\/\/www.krzysztofkolodziej.com\/domkopernika\/medycyna\/geny-neandertalczykow-w-naszym-dna-co-mowia-nowe-badania\/#primaryimage"},"thumbnailUrl":"https:\/\/www.krzysztofkolodziej.com\/domkopernika\/wp-content\/uploads\/2024\/12\/000KACIW099L640R-C116-F4-300x219-1.jpeg","articleSection":["Medycyna","Newsy popularnonaukowe"],"inLanguage":"pl-PL"},{"@type":"WebPage","@id":"https:\/\/www.krzysztofkolodziej.com\/domkopernika\/medycyna\/geny-neandertalczykow-w-naszym-dna-co-mowia-nowe-badania\/","url":"https:\/\/www.krzysztofkolodziej.com\/domkopernika\/medycyna\/geny-neandertalczykow-w-naszym-dna-co-mowia-nowe-badania\/","name":"Dom Kopernika - Geny neandertalczyk\u00f3w w naszym DNA: co m\u00f3wi\u0105 nowe badania?","isPartOf":{"@id":"https:\/\/www.krzysztofkolodziej.com\/domkopernika\/#website"},"primaryImageOfPage":{"@id":"https:\/\/www.krzysztofkolodziej.com\/domkopernika\/medycyna\/geny-neandertalczykow-w-naszym-dna-co-mowia-nowe-badania\/#primaryimage"},"image":{"@id":"https:\/\/www.krzysztofkolodziej.com\/domkopernika\/medycyna\/geny-neandertalczykow-w-naszym-dna-co-mowia-nowe-badania\/#primaryimage"},"thumbnailUrl":"https:\/\/www.krzysztofkolodziej.com\/domkopernika\/wp-content\/uploads\/2024\/12\/000KACIW099L640R-C116-F4-300x219-1.jpeg","datePublished":"2024-12-16T11:49:46+00:00","dateModified":"2024-12-16T12:50:20+00:00","author":{"@id":"https:\/\/www.krzysztofkolodziej.com\/domkopernika\/#\/schema\/person\/875cb93c53b4270be43f471e7ed855ae"},"breadcrumb":{"@id":"https:\/\/www.krzysztofkolodziej.com\/domkopernika\/medycyna\/geny-neandertalczykow-w-naszym-dna-co-mowia-nowe-badania\/#breadcrumb"},"inLanguage":"pl-PL","potentialAction":[{"@type":"ReadAction","target":["https:\/\/www.krzysztofkolodziej.com\/domkopernika\/medycyna\/geny-neandertalczykow-w-naszym-dna-co-mowia-nowe-badania\/"]}]},{"@type":"ImageObject","inLanguage":"pl-PL","@id":"https:\/\/www.krzysztofkolodziej.com\/domkopernika\/medycyna\/geny-neandertalczykow-w-naszym-dna-co-mowia-nowe-badania\/#primaryimage","url":"https:\/\/www.krzysztofkolodziej.com\/domkopernika\/wp-content\/uploads\/2024\/12\/000KACIW099L640R-C116-F4-300x219-1.jpeg","contentUrl":"https:\/\/www.krzysztofkolodziej.com\/domkopernika\/wp-content\/uploads\/2024\/12\/000KACIW099L640R-C116-F4-300x219-1.jpeg","width":300,"height":219},{"@type":"BreadcrumbList","@id":"https:\/\/www.krzysztofkolodziej.com\/domkopernika\/medycyna\/geny-neandertalczykow-w-naszym-dna-co-mowia-nowe-badania\/#breadcrumb","itemListElement":[{"@type":"ListItem","position":1,"name":"Strona g\u0142\u00f3wna","item":"https:\/\/www.krzysztofkolodziej.com\/domkopernika\/"},{"@type":"ListItem","position":2,"name":"Geny neandertalczyk\u00f3w w naszym DNA: co m\u00f3wi\u0105 nowe badania?"}]},{"@type":"WebSite","@id":"https:\/\/www.krzysztofkolodziej.com\/domkopernika\/#website","url":"https:\/\/www.krzysztofkolodziej.com\/domkopernika\/","name":"Dom Kopernika","description":"","potentialAction":[{"@type":"SearchAction","target":{"@type":"EntryPoint","urlTemplate":"https:\/\/www.krzysztofkolodziej.com\/domkopernika\/?s={search_term_string}"},"query-input":{"@type":"PropertyValueSpecification","valueRequired":true,"valueName":"search_term_string"}}],"inLanguage":"pl-PL"},{"@type":"Person","@id":"https:\/\/www.krzysztofkolodziej.com\/domkopernika\/#\/schema\/person\/875cb93c53b4270be43f471e7ed855ae","name":"Krzysztof Ko\u0142odziej","image":{"@type":"ImageObject","inLanguage":"pl-PL","@id":"https:\/\/secure.gravatar.com\/avatar\/fc642545621257206083f066631fe607f7feef26b40d4c54d8ce5bbd466fe17e?s=96&d=mm&r=g","url":"https:\/\/secure.gravatar.com\/avatar\/fc642545621257206083f066631fe607f7feef26b40d4c54d8ce5bbd466fe17e?s=96&d=mm&r=g","contentUrl":"https:\/\/secure.gravatar.com\/avatar\/fc642545621257206083f066631fe607f7feef26b40d4c54d8ce5bbd466fe17e?s=96&d=mm&r=g","caption":"Krzysztof Ko\u0142odziej"},"url":"https:\/\/www.krzysztofkolodziej.com\/domkopernika\/author\/krzysztof-kolodziej\/"}]}},"_links":{"self":[{"href":"https:\/\/www.krzysztofkolodziej.com\/domkopernika\/wp-json\/wp\/v2\/posts\/36866","targetHints":{"allow":["GET"]}}],"collection":[{"href":"https:\/\/www.krzysztofkolodziej.com\/domkopernika\/wp-json\/wp\/v2\/posts"}],"about":[{"href":"https:\/\/www.krzysztofkolodziej.com\/domkopernika\/wp-json\/wp\/v2\/types\/post"}],"author":[{"embeddable":true,"href":"https:\/\/www.krzysztofkolodziej.com\/domkopernika\/wp-json\/wp\/v2\/users\/4"}],"replies":[{"embeddable":true,"href":"https:\/\/www.krzysztofkolodziej.com\/domkopernika\/wp-json\/wp\/v2\/comments?post=36866"}],"version-history":[{"count":1,"href":"https:\/\/www.krzysztofkolodziej.com\/domkopernika\/wp-json\/wp\/v2\/posts\/36866\/revisions"}],"predecessor-version":[{"id":36876,"href":"https:\/\/www.krzysztofkolodziej.com\/domkopernika\/wp-json\/wp\/v2\/posts\/36866\/revisions\/36876"}],"wp:featuredmedia":[{"embeddable":true,"href":"https:\/\/www.krzysztofkolodziej.com\/domkopernika\/wp-json\/wp\/v2\/media\/36867"}],"wp:attachment":[{"href":"https:\/\/www.krzysztofkolodziej.com\/domkopernika\/wp-json\/wp\/v2\/media?parent=36866"}],"wp:term":[{"taxonomy":"category","embeddable":true,"href":"https:\/\/www.krzysztofkolodziej.com\/domkopernika\/wp-json\/wp\/v2\/categories?post=36866"},{"taxonomy":"post_tag","embeddable":true,"href":"https:\/\/www.krzysztofkolodziej.com\/domkopernika\/wp-json\/wp\/v2\/tags?post=36866"}],"curies":[{"name":"wp","href":"https:\/\/api.w.org\/{rel}","templated":true}]}}