{"id":36860,"date":"2024-12-16T12:27:27","date_gmt":"2024-12-16T11:27:27","guid":{"rendered":"https:\/\/www.krzysztofkolodziej.com\/domkopernika\/?p=36860"},"modified":"2024-12-16T12:27:27","modified_gmt":"2024-12-16T11:27:27","slug":"przelomowe-operacje-w-swiatowym-centrum-sluchu","status":"publish","type":"post","link":"https:\/\/www.krzysztofkolodziej.com\/domkopernika\/medycyna\/przelomowe-operacje-w-swiatowym-centrum-sluchu\/","title":{"rendered":"Prze\u0142omowe operacje w\u00a0\u015awiatowym Centrum S\u0142uchu"},"content":{"rendered":"<div>\n<div id=\"bsf_rt_marker\"><\/div>\n<p>Nowatorskie w\u00a0skali \u015bwiatowej i\u00a0kraju rozwi\u0105zania technologiczne s\u0105\u00a0ju\u017c dost\u0119pne dla polskich pacjent\u00f3w: W \u015awiatowym Centrum S\u0142uchu w\u00a0Kajetanach odby\u0142y si\u0119 trzy nowatorskie operacje wszczepienia implant\u00f3w s\u0142uchowych. Po\u00a0raz pierwszy w\u00a0\u015bwiecie ca\u0142kowicie wszczepiono implant Mi2000 u\u00a0pacjenta z\u00a0cz\u0119\u015bciow\u0105 g\u0142uchot\u0105. Po\u00a0raz pierwszy w\u00a0Polsce wszczepiono implant SENTIO osobie doros\u0142ej oraz po\u00a0raz pierwszy implant ucha \u015brodkowego typu OSIA zastosowano u\u00a0dziecka.<\/p>\n<p>Operacje przeprowadzili prof.\u00a0Henryk Skar\u017cy\u0144ski oraz\u00a0prof.\u00a0Piotr H. Skar\u017cy\u0144ski wraz z\u00a0zespo\u0142em. To\u00a0kamie\u0144 milowy w\u00a0\u015bwiatowej otochirurgii.<\/p>\n<p>W\u015br\u00f3d zoperowanych chorych jest 36-letnia pacjentka z\u00a0cz\u0119\u015bciow\u0105 g\u0142uchot\u0105, kt\u00f3rej\u00a0wszczepiono implant ca\u0142kowicie ukryty pod\u00a0sk\u00f3r\u0105. Pacjentka po\u00a0operacji czuje si\u0119 dobrze. Dotychczas korzysta\u0142a z\u00a0tradycyjnego implantu \u015blimakowego, teraz b\u0119dzie mia\u0142a por\u00f3wnanie z\u00a0dzia\u0142aniem tego nowego i\u00a0dotychczas u\u017cywanego.<\/p>\n<p><strong>System ca\u0142kowicie wszczepionego implantu \u015blimakowego Mi2000<\/strong><\/p>\n<p>\u015awiatowe Centrum S\u0142uchu znalaz\u0142o si\u0119 w\u00a0grupie pierwszych na\u00a0\u015bwiecie o\u015brodk\u00f3w (po\u00a0Belgii i\u00a0Niemczech), gdzie takie urz\u0105dzenie zosta\u0142o wszczepione w\u00a0ramach bada\u0144 klinicznych. To\u00a0prze\u0142omowa technologia stanowi\u0105ca znacz\u0105cy krok w\u00a0dziedzinie implant\u00f3w s\u0142uchowych \u2013 pierwszy ca\u0142kowicie wszczepiany implant \u015blimakowy. Tradycyjny system implantu \u015blimakowego sk\u0142ada si\u0119 z\u00a0dw\u00f3ch g\u0142\u00f3wnych element\u00f3w: zewn\u0119trzny procesor d\u017awi\u0119ku wykrywa d\u017awi\u0119ki oraz\u00a0implant wewn\u0119trzny (umieszczony pod\u00a0sk\u00f3r\u0105, za\u00a0uchem), do\u00a0kt\u00f3rego\u00a0przesy\u0142ane s\u0105\u00a0d\u017awi\u0119ki. Taka budowa powoduje pewne ograniczenia \u2013 zewn\u0119trzne procesory d\u017awi\u0119ku, bywaj\u0105 podatne na\u00a0uszkodzenia, mog\u0105 powodowa\u0107 dyskomfort w\u00a0codziennym u\u017cytkowaniu i\u00a0s\u0105\u00a0widoczne, co\u00a0mo\u017ce zniech\u0119ca\u0107 niekt\u00f3re osoby. System Mi2000 rozwi\u0105zuje te\u00a0problemy, oferuj\u0105c ca\u0142kowicie wszczepiane rozwi\u0105zanie, w\u00a0kt\u00f3rym\u00a0ca\u0142y system, w\u00a0tym procesor d\u017awi\u0119ku, jest dyskretnie umieszczony pod\u00a0sk\u00f3r\u0105 bez\u00a0urz\u0105dze\u0144 zewn\u0119trznych. Zdecydowanie poprawia to\u00a0komfort pacjenta i\u00a0jako\u015b\u0107 codziennej komunikacji mi\u0119dzyludzkiej.<\/p>\n<p><strong>Implant s\u0142uchowy ucha \u015brodkowego \u2013 SENTIO<\/strong><\/p>\n<p>Polska jest trzecim krajem na\u00a0\u015bwiecie, po\u00a0USA i\u00a0Niemczech, gdzie przeprowadzano dotychczas operacje wszczepienia tego implantu. To\u00a0jedno z\u00a0najnowocze\u015bniejszych na\u00a0\u015bwiecie rozwi\u0105za\u0144 w\u00a0tym obszarze \u2013 \u015bwiatow\u0105 certyfikacj\u0119 otrzyma\u0142 w\u00a0lipcu 2024\u00a0r.<\/p>\n<p>Implant przeznaczony jest dla pacjent\u00f3w dotkni\u0119tych przewodzeniowym i\u00a0mieszanym niedos\u0142uchem oraz\u00a0jednostronn\u0105 g\u0142uchot\u0105. Jest najmniejszym, aktywnym implantem s\u0142uchowym ucha \u015brodkowego, wykorzystuj\u0105cym kostne przewodnictwo d\u017awi\u0119ku. Jego rozmiar umo\u017cliwia zastosowanie szerokiej grupie pacjent\u00f3w, u\u00a0kt\u00f3rych\u00a0inne rozwi\u0105zania nie\u00a0by\u0142y mo\u017cliwe z\u00a0powodu wielu ogranicze\u0144 wynikaj\u0105cych z\u00a0trudnych warunk\u00f3w anatomicznych lub\u00a0nabytych uszkodze\u0144 pozapalnych czy\u00a0pourazowych.<\/p>\n<p><strong>Implant s\u0142uchowy ucha \u015brodkowego typu OSJA 3<\/strong><\/p>\n<p>System OSJA 3 to\u00a0aktywny przezsk\u00f3rny system s\u0142uchowy dzia\u0142aj\u0105cy na\u00a0zasadzie przewodnictwa kostnego, kt\u00f3ry\u00a0wykorzystuje stymulacj\u0119 piezoelektryczn\u0105 do\u00a0przesy\u0142ania d\u017awi\u0119ku przez\u00a0ko\u015b\u0107 ucha \u015brodkowego do\u00a0ucha wewn\u0119trznego.<\/p>\n<p>R\u00f3\u017cnorodno\u015b\u0107 anatomicznych, genetycznych oraz\u00a0fizjologicznych wad i\u00a0chor\u00f3b s\u0142uchu wci\u0105\u017c stanowi wyzwanie w\u00a0otorynolaryngologii. Kolejne innowacyjne rozwi\u0105zania pojawiaj\u0105ce si\u0119 ka\u017cdego roku odpowiadaj\u0105 na\u00a0potrzeby terapeutyczne rosn\u0105cej liczby pacjent\u00f3w.<\/p>\n<\/div>\n","protected":false},"excerpt":{"rendered":"<p>Nowatorskie w\u00a0skali \u015bwiatowej i\u00a0kraju rozwi\u0105zania technologiczne s\u0105\u00a0ju\u017c dost\u0119pne dla polskich pacjent\u00f3w: W \u015awiatowym Centrum S\u0142uchu w\u00a0Kajetanach odby\u0142y si\u0119 trzy nowatorskie operacje wszczepienia implant\u00f3w s\u0142uchowych. Po\u00a0raz pierwszy w\u00a0\u015bwiecie ca\u0142kowicie wszczepiono implant&hellip;<\/p>\n","protected":false},"author":4,"featured_media":36862,"comment_status":"closed","ping_status":"closed","sticky":false,"template":"","format":"standard","meta":{"footnotes":""},"categories":[309],"tags":[],"class_list":["post-36860","post","type-post","status-publish","format-standard","has-post-thumbnail","hentry","category-medycyna"],"yoast_head":"<!-- This site is optimized with the Yoast SEO plugin v27.5 - https:\/\/yoast.com\/product\/yoast-seo-wordpress\/ -->\n<title>Dom Kopernika - Prze\u0142omowe operacje w\u00a0\u015awiatowym Centrum S\u0142uchu<\/title>\n<meta name=\"robots\" content=\"noindex, follow\" \/>\n<meta property=\"og:locale\" content=\"pl_PL\" \/>\n<meta property=\"og:type\" content=\"article\" \/>\n<meta property=\"og:title\" content=\"Dom Kopernika - Prze\u0142omowe operacje w\u00a0\u015awiatowym Centrum S\u0142uchu\" \/>\n<meta property=\"og:description\" content=\"Nowatorskie w\u00a0skali \u015bwiatowej i\u00a0kraju rozwi\u0105zania technologiczne s\u0105\u00a0ju\u017c dost\u0119pne dla polskich pacjent\u00f3w: W \u015awiatowym Centrum S\u0142uchu w\u00a0Kajetanach odby\u0142y si\u0119 trzy nowatorskie operacje wszczepienia implant\u00f3w s\u0142uchowych. Po\u00a0raz pierwszy w\u00a0\u015bwiecie ca\u0142kowicie wszczepiono implant&hellip;\" \/>\n<meta property=\"og:url\" content=\"https:\/\/www.krzysztofkolodziej.com\/domkopernika\/medycyna\/przelomowe-operacje-w-swiatowym-centrum-sluchu\/\" \/>\n<meta property=\"og:site_name\" content=\"Dom Kopernika\" \/>\n<meta property=\"article:published_time\" content=\"2024-12-16T11:27:27+00:00\" \/>\n<meta property=\"og:image\" content=\"https:\/\/www.krzysztofkolodziej.com\/domkopernika\/wp-content\/uploads\/2024\/12\/20241209_MED-EL-MI2000_1013-950x633-1-qyl6dbi15o7f1ymlv3yd92sm87be4k7n2fkmow7rg0.jpg\" \/>\n\t<meta property=\"og:image:width\" content=\"550\" \/>\n\t<meta property=\"og:image:height\" content=\"440\" \/>\n\t<meta property=\"og:image:type\" content=\"image\/jpeg\" \/>\n<meta name=\"author\" content=\"Krzysztof Ko\u0142odziej\" \/>\n<meta name=\"twitter:card\" content=\"summary_large_image\" \/>\n<meta name=\"twitter:label1\" content=\"Napisane przez\" \/>\n\t<meta name=\"twitter:data1\" content=\"Krzysztof Ko\u0142odziej\" \/>\n\t<meta name=\"twitter:label2\" content=\"Szacowany czas czytania\" \/>\n\t<meta name=\"twitter:data2\" content=\"3 minuty\" \/>\n<script type=\"application\/ld+json\" class=\"yoast-schema-graph\">{\"@context\":\"https:\\\/\\\/schema.org\",\"@graph\":[{\"@type\":\"NewsArticle\",\"@id\":\"https:\\\/\\\/www.krzysztofkolodziej.com\\\/domkopernika\\\/medycyna\\\/przelomowe-operacje-w-swiatowym-centrum-sluchu\\\/#article\",\"isPartOf\":{\"@id\":\"https:\\\/\\\/www.krzysztofkolodziej.com\\\/domkopernika\\\/medycyna\\\/przelomowe-operacje-w-swiatowym-centrum-sluchu\\\/\"},\"author\":{\"name\":\"Krzysztof Ko\u0142odziej\",\"@id\":\"https:\\\/\\\/www.krzysztofkolodziej.com\\\/domkopernika\\\/#\\\/schema\\\/person\\\/875cb93c53b4270be43f471e7ed855ae\"},\"headline\":\"Prze\u0142omowe operacje w\u00a0\u015awiatowym Centrum S\u0142uchu\",\"datePublished\":\"2024-12-16T11:27:27+00:00\",\"mainEntityOfPage\":{\"@id\":\"https:\\\/\\\/www.krzysztofkolodziej.com\\\/domkopernika\\\/medycyna\\\/przelomowe-operacje-w-swiatowym-centrum-sluchu\\\/\"},\"wordCount\":528,\"image\":{\"@id\":\"https:\\\/\\\/www.krzysztofkolodziej.com\\\/domkopernika\\\/medycyna\\\/przelomowe-operacje-w-swiatowym-centrum-sluchu\\\/#primaryimage\"},\"thumbnailUrl\":\"https:\\\/\\\/www.krzysztofkolodziej.com\\\/domkopernika\\\/wp-content\\\/uploads\\\/2024\\\/12\\\/20241209_MED-EL-MI2000_1013-950x633-1-qyl6dbi15o7f1ymlv3yd92sm87be4k7n2fkmow7rg0.jpg\",\"articleSection\":[\"Medycyna\"],\"inLanguage\":\"pl-PL\"},{\"@type\":\"WebPage\",\"@id\":\"https:\\\/\\\/www.krzysztofkolodziej.com\\\/domkopernika\\\/medycyna\\\/przelomowe-operacje-w-swiatowym-centrum-sluchu\\\/\",\"url\":\"https:\\\/\\\/www.krzysztofkolodziej.com\\\/domkopernika\\\/medycyna\\\/przelomowe-operacje-w-swiatowym-centrum-sluchu\\\/\",\"name\":\"Dom Kopernika - Prze\u0142omowe operacje w\u00a0\u015awiatowym Centrum S\u0142uchu\",\"isPartOf\":{\"@id\":\"https:\\\/\\\/www.krzysztofkolodziej.com\\\/domkopernika\\\/#website\"},\"primaryImageOfPage\":{\"@id\":\"https:\\\/\\\/www.krzysztofkolodziej.com\\\/domkopernika\\\/medycyna\\\/przelomowe-operacje-w-swiatowym-centrum-sluchu\\\/#primaryimage\"},\"image\":{\"@id\":\"https:\\\/\\\/www.krzysztofkolodziej.com\\\/domkopernika\\\/medycyna\\\/przelomowe-operacje-w-swiatowym-centrum-sluchu\\\/#primaryimage\"},\"thumbnailUrl\":\"https:\\\/\\\/www.krzysztofkolodziej.com\\\/domkopernika\\\/wp-content\\\/uploads\\\/2024\\\/12\\\/20241209_MED-EL-MI2000_1013-950x633-1-qyl6dbi15o7f1ymlv3yd92sm87be4k7n2fkmow7rg0.jpg\",\"datePublished\":\"2024-12-16T11:27:27+00:00\",\"author\":{\"@id\":\"https:\\\/\\\/www.krzysztofkolodziej.com\\\/domkopernika\\\/#\\\/schema\\\/person\\\/875cb93c53b4270be43f471e7ed855ae\"},\"breadcrumb\":{\"@id\":\"https:\\\/\\\/www.krzysztofkolodziej.com\\\/domkopernika\\\/medycyna\\\/przelomowe-operacje-w-swiatowym-centrum-sluchu\\\/#breadcrumb\"},\"inLanguage\":\"pl-PL\",\"potentialAction\":[{\"@type\":\"ReadAction\",\"target\":[\"https:\\\/\\\/www.krzysztofkolodziej.com\\\/domkopernika\\\/medycyna\\\/przelomowe-operacje-w-swiatowym-centrum-sluchu\\\/\"]}]},{\"@type\":\"ImageObject\",\"inLanguage\":\"pl-PL\",\"@id\":\"https:\\\/\\\/www.krzysztofkolodziej.com\\\/domkopernika\\\/medycyna\\\/przelomowe-operacje-w-swiatowym-centrum-sluchu\\\/#primaryimage\",\"url\":\"https:\\\/\\\/www.krzysztofkolodziej.com\\\/domkopernika\\\/wp-content\\\/uploads\\\/2024\\\/12\\\/20241209_MED-EL-MI2000_1013-950x633-1-qyl6dbi15o7f1ymlv3yd92sm87be4k7n2fkmow7rg0.jpg\",\"contentUrl\":\"https:\\\/\\\/www.krzysztofkolodziej.com\\\/domkopernika\\\/wp-content\\\/uploads\\\/2024\\\/12\\\/20241209_MED-EL-MI2000_1013-950x633-1-qyl6dbi15o7f1ymlv3yd92sm87be4k7n2fkmow7rg0.jpg\",\"width\":550,\"height\":440},{\"@type\":\"BreadcrumbList\",\"@id\":\"https:\\\/\\\/www.krzysztofkolodziej.com\\\/domkopernika\\\/medycyna\\\/przelomowe-operacje-w-swiatowym-centrum-sluchu\\\/#breadcrumb\",\"itemListElement\":[{\"@type\":\"ListItem\",\"position\":1,\"name\":\"Strona g\u0142\u00f3wna\",\"item\":\"https:\\\/\\\/www.krzysztofkolodziej.com\\\/domkopernika\\\/\"},{\"@type\":\"ListItem\",\"position\":2,\"name\":\"Prze\u0142omowe operacje w\u00a0\u015awiatowym Centrum S\u0142uchu\"}]},{\"@type\":\"WebSite\",\"@id\":\"https:\\\/\\\/www.krzysztofkolodziej.com\\\/domkopernika\\\/#website\",\"url\":\"https:\\\/\\\/www.krzysztofkolodziej.com\\\/domkopernika\\\/\",\"name\":\"Dom Kopernika\",\"description\":\"\",\"potentialAction\":[{\"@type\":\"SearchAction\",\"target\":{\"@type\":\"EntryPoint\",\"urlTemplate\":\"https:\\\/\\\/www.krzysztofkolodziej.com\\\/domkopernika\\\/?s={search_term_string}\"},\"query-input\":{\"@type\":\"PropertyValueSpecification\",\"valueRequired\":true,\"valueName\":\"search_term_string\"}}],\"inLanguage\":\"pl-PL\"},{\"@type\":\"Person\",\"@id\":\"https:\\\/\\\/www.krzysztofkolodziej.com\\\/domkopernika\\\/#\\\/schema\\\/person\\\/875cb93c53b4270be43f471e7ed855ae\",\"name\":\"Krzysztof Ko\u0142odziej\",\"image\":{\"@type\":\"ImageObject\",\"inLanguage\":\"pl-PL\",\"@id\":\"https:\\\/\\\/secure.gravatar.com\\\/avatar\\\/fc642545621257206083f066631fe607f7feef26b40d4c54d8ce5bbd466fe17e?s=96&d=mm&r=g\",\"url\":\"https:\\\/\\\/secure.gravatar.com\\\/avatar\\\/fc642545621257206083f066631fe607f7feef26b40d4c54d8ce5bbd466fe17e?s=96&d=mm&r=g\",\"contentUrl\":\"https:\\\/\\\/secure.gravatar.com\\\/avatar\\\/fc642545621257206083f066631fe607f7feef26b40d4c54d8ce5bbd466fe17e?s=96&d=mm&r=g\",\"caption\":\"Krzysztof Ko\u0142odziej\"},\"url\":\"https:\\\/\\\/www.krzysztofkolodziej.com\\\/domkopernika\\\/author\\\/krzysztof-kolodziej\\\/\"}]}<\/script>\n<!-- \/ Yoast SEO plugin. -->","yoast_head_json":{"title":"Dom Kopernika - Prze\u0142omowe operacje w\u00a0\u015awiatowym Centrum S\u0142uchu","robots":{"index":"noindex","follow":"follow"},"og_locale":"pl_PL","og_type":"article","og_title":"Dom Kopernika - Prze\u0142omowe operacje w\u00a0\u015awiatowym Centrum S\u0142uchu","og_description":"Nowatorskie w\u00a0skali \u015bwiatowej i\u00a0kraju rozwi\u0105zania technologiczne s\u0105\u00a0ju\u017c dost\u0119pne dla polskich pacjent\u00f3w: W \u015awiatowym Centrum S\u0142uchu w\u00a0Kajetanach odby\u0142y si\u0119 trzy nowatorskie operacje wszczepienia implant\u00f3w s\u0142uchowych. Po\u00a0raz pierwszy w\u00a0\u015bwiecie ca\u0142kowicie wszczepiono implant&hellip;","og_url":"https:\/\/www.krzysztofkolodziej.com\/domkopernika\/medycyna\/przelomowe-operacje-w-swiatowym-centrum-sluchu\/","og_site_name":"Dom Kopernika","article_published_time":"2024-12-16T11:27:27+00:00","og_image":[{"width":550,"height":440,"url":"https:\/\/www.krzysztofkolodziej.com\/domkopernika\/wp-content\/uploads\/2024\/12\/20241209_MED-EL-MI2000_1013-950x633-1-qyl6dbi15o7f1ymlv3yd92sm87be4k7n2fkmow7rg0.jpg","type":"image\/jpeg"}],"author":"Krzysztof Ko\u0142odziej","twitter_card":"summary_large_image","twitter_misc":{"Napisane przez":"Krzysztof Ko\u0142odziej","Szacowany czas czytania":"3 minuty"},"schema":{"@context":"https:\/\/schema.org","@graph":[{"@type":"NewsArticle","@id":"https:\/\/www.krzysztofkolodziej.com\/domkopernika\/medycyna\/przelomowe-operacje-w-swiatowym-centrum-sluchu\/#article","isPartOf":{"@id":"https:\/\/www.krzysztofkolodziej.com\/domkopernika\/medycyna\/przelomowe-operacje-w-swiatowym-centrum-sluchu\/"},"author":{"name":"Krzysztof Ko\u0142odziej","@id":"https:\/\/www.krzysztofkolodziej.com\/domkopernika\/#\/schema\/person\/875cb93c53b4270be43f471e7ed855ae"},"headline":"Prze\u0142omowe operacje w\u00a0\u015awiatowym Centrum S\u0142uchu","datePublished":"2024-12-16T11:27:27+00:00","mainEntityOfPage":{"@id":"https:\/\/www.krzysztofkolodziej.com\/domkopernika\/medycyna\/przelomowe-operacje-w-swiatowym-centrum-sluchu\/"},"wordCount":528,"image":{"@id":"https:\/\/www.krzysztofkolodziej.com\/domkopernika\/medycyna\/przelomowe-operacje-w-swiatowym-centrum-sluchu\/#primaryimage"},"thumbnailUrl":"https:\/\/www.krzysztofkolodziej.com\/domkopernika\/wp-content\/uploads\/2024\/12\/20241209_MED-EL-MI2000_1013-950x633-1-qyl6dbi15o7f1ymlv3yd92sm87be4k7n2fkmow7rg0.jpg","articleSection":["Medycyna"],"inLanguage":"pl-PL"},{"@type":"WebPage","@id":"https:\/\/www.krzysztofkolodziej.com\/domkopernika\/medycyna\/przelomowe-operacje-w-swiatowym-centrum-sluchu\/","url":"https:\/\/www.krzysztofkolodziej.com\/domkopernika\/medycyna\/przelomowe-operacje-w-swiatowym-centrum-sluchu\/","name":"Dom Kopernika - Prze\u0142omowe operacje w\u00a0\u015awiatowym Centrum S\u0142uchu","isPartOf":{"@id":"https:\/\/www.krzysztofkolodziej.com\/domkopernika\/#website"},"primaryImageOfPage":{"@id":"https:\/\/www.krzysztofkolodziej.com\/domkopernika\/medycyna\/przelomowe-operacje-w-swiatowym-centrum-sluchu\/#primaryimage"},"image":{"@id":"https:\/\/www.krzysztofkolodziej.com\/domkopernika\/medycyna\/przelomowe-operacje-w-swiatowym-centrum-sluchu\/#primaryimage"},"thumbnailUrl":"https:\/\/www.krzysztofkolodziej.com\/domkopernika\/wp-content\/uploads\/2024\/12\/20241209_MED-EL-MI2000_1013-950x633-1-qyl6dbi15o7f1ymlv3yd92sm87be4k7n2fkmow7rg0.jpg","datePublished":"2024-12-16T11:27:27+00:00","author":{"@id":"https:\/\/www.krzysztofkolodziej.com\/domkopernika\/#\/schema\/person\/875cb93c53b4270be43f471e7ed855ae"},"breadcrumb":{"@id":"https:\/\/www.krzysztofkolodziej.com\/domkopernika\/medycyna\/przelomowe-operacje-w-swiatowym-centrum-sluchu\/#breadcrumb"},"inLanguage":"pl-PL","potentialAction":[{"@type":"ReadAction","target":["https:\/\/www.krzysztofkolodziej.com\/domkopernika\/medycyna\/przelomowe-operacje-w-swiatowym-centrum-sluchu\/"]}]},{"@type":"ImageObject","inLanguage":"pl-PL","@id":"https:\/\/www.krzysztofkolodziej.com\/domkopernika\/medycyna\/przelomowe-operacje-w-swiatowym-centrum-sluchu\/#primaryimage","url":"https:\/\/www.krzysztofkolodziej.com\/domkopernika\/wp-content\/uploads\/2024\/12\/20241209_MED-EL-MI2000_1013-950x633-1-qyl6dbi15o7f1ymlv3yd92sm87be4k7n2fkmow7rg0.jpg","contentUrl":"https:\/\/www.krzysztofkolodziej.com\/domkopernika\/wp-content\/uploads\/2024\/12\/20241209_MED-EL-MI2000_1013-950x633-1-qyl6dbi15o7f1ymlv3yd92sm87be4k7n2fkmow7rg0.jpg","width":550,"height":440},{"@type":"BreadcrumbList","@id":"https:\/\/www.krzysztofkolodziej.com\/domkopernika\/medycyna\/przelomowe-operacje-w-swiatowym-centrum-sluchu\/#breadcrumb","itemListElement":[{"@type":"ListItem","position":1,"name":"Strona g\u0142\u00f3wna","item":"https:\/\/www.krzysztofkolodziej.com\/domkopernika\/"},{"@type":"ListItem","position":2,"name":"Prze\u0142omowe operacje w\u00a0\u015awiatowym Centrum S\u0142uchu"}]},{"@type":"WebSite","@id":"https:\/\/www.krzysztofkolodziej.com\/domkopernika\/#website","url":"https:\/\/www.krzysztofkolodziej.com\/domkopernika\/","name":"Dom Kopernika","description":"","potentialAction":[{"@type":"SearchAction","target":{"@type":"EntryPoint","urlTemplate":"https:\/\/www.krzysztofkolodziej.com\/domkopernika\/?s={search_term_string}"},"query-input":{"@type":"PropertyValueSpecification","valueRequired":true,"valueName":"search_term_string"}}],"inLanguage":"pl-PL"},{"@type":"Person","@id":"https:\/\/www.krzysztofkolodziej.com\/domkopernika\/#\/schema\/person\/875cb93c53b4270be43f471e7ed855ae","name":"Krzysztof Ko\u0142odziej","image":{"@type":"ImageObject","inLanguage":"pl-PL","@id":"https:\/\/secure.gravatar.com\/avatar\/fc642545621257206083f066631fe607f7feef26b40d4c54d8ce5bbd466fe17e?s=96&d=mm&r=g","url":"https:\/\/secure.gravatar.com\/avatar\/fc642545621257206083f066631fe607f7feef26b40d4c54d8ce5bbd466fe17e?s=96&d=mm&r=g","contentUrl":"https:\/\/secure.gravatar.com\/avatar\/fc642545621257206083f066631fe607f7feef26b40d4c54d8ce5bbd466fe17e?s=96&d=mm&r=g","caption":"Krzysztof Ko\u0142odziej"},"url":"https:\/\/www.krzysztofkolodziej.com\/domkopernika\/author\/krzysztof-kolodziej\/"}]}},"_links":{"self":[{"href":"https:\/\/www.krzysztofkolodziej.com\/domkopernika\/wp-json\/wp\/v2\/posts\/36860","targetHints":{"allow":["GET"]}}],"collection":[{"href":"https:\/\/www.krzysztofkolodziej.com\/domkopernika\/wp-json\/wp\/v2\/posts"}],"about":[{"href":"https:\/\/www.krzysztofkolodziej.com\/domkopernika\/wp-json\/wp\/v2\/types\/post"}],"author":[{"embeddable":true,"href":"https:\/\/www.krzysztofkolodziej.com\/domkopernika\/wp-json\/wp\/v2\/users\/4"}],"replies":[{"embeddable":true,"href":"https:\/\/www.krzysztofkolodziej.com\/domkopernika\/wp-json\/wp\/v2\/comments?post=36860"}],"version-history":[{"count":1,"href":"https:\/\/www.krzysztofkolodziej.com\/domkopernika\/wp-json\/wp\/v2\/posts\/36860\/revisions"}],"predecessor-version":[{"id":36865,"href":"https:\/\/www.krzysztofkolodziej.com\/domkopernika\/wp-json\/wp\/v2\/posts\/36860\/revisions\/36865"}],"wp:featuredmedia":[{"embeddable":true,"href":"https:\/\/www.krzysztofkolodziej.com\/domkopernika\/wp-json\/wp\/v2\/media\/36862"}],"wp:attachment":[{"href":"https:\/\/www.krzysztofkolodziej.com\/domkopernika\/wp-json\/wp\/v2\/media?parent=36860"}],"wp:term":[{"taxonomy":"category","embeddable":true,"href":"https:\/\/www.krzysztofkolodziej.com\/domkopernika\/wp-json\/wp\/v2\/categories?post=36860"},{"taxonomy":"post_tag","embeddable":true,"href":"https:\/\/www.krzysztofkolodziej.com\/domkopernika\/wp-json\/wp\/v2\/tags?post=36860"}],"curies":[{"name":"wp","href":"https:\/\/api.w.org\/{rel}","templated":true}]}}