{"id":36824,"date":"2024-12-06T15:54:58","date_gmt":"2024-12-06T14:54:58","guid":{"rendered":"https:\/\/www.krzysztofkolodziej.com\/domkopernika\/?p=36824"},"modified":"2024-12-06T15:54:58","modified_gmt":"2024-12-06T14:54:58","slug":"polski-astronauta-na-miedzynarodowej-stacji-kosmicznej","status":"publish","type":"post","link":"https:\/\/www.krzysztofkolodziej.com\/domkopernika\/astronomia\/polski-astronauta-na-miedzynarodowej-stacji-kosmicznej\/","title":{"rendered":"Polski astronauta na Mi\u0119dzynarodowej Stacji Kosmicznej"},"content":{"rendered":"<div id=\"bsf_rt_marker\"><\/div>\n<p>Rok 2025 zapisze si\u0119 w historii polskiego sektora kosmicznego jako moment prze\u0142omowy. Dr S\u0142awosz Uzna\u0144ski, astronauta projektowy Europejskiej Agencji Kosmicznej (ESA), we\u017amie udzia\u0142 w pierwszej polskiej misji technologiczno-naukowej na Mi\u0119dzynarodowej Stacji Kosmicznej (ISS). W ramach misji Ignis, Polska w\u0142\u0105czy si\u0119 do grona pa\u0144stw prowadz\u0105cych badania w przestrzeni kosmicznej z udzia\u0142em za\u0142ogowym<\/p>\n<h4>Znaczenie misji Ignis<\/h4>\n<p>Ignis, co po \u0142acinie oznacza \u201eogie\u0144\u201d, symbolizuje energi\u0119, kreatywno\u015b\u0107 i ambicje Polski w dziedzinie zaawansowanych technologii kosmicznych. Projekt finansowany przez Ministerstwo Rozwoju i Technologii i realizowany przy wsparciu ESA oraz firmy Axiom Space, obejmuje realizacj\u0119 trzynastu eksperyment\u00f3w z zakresu technologii, biologii, medycyny i psychologii. Badania w warunkach mikrograwitacji maj\u0105 otworzy\u0107 nowe mo\u017cliwo\u015bci dla polskich naukowc\u00f3w oraz zwi\u0119kszy\u0107 konkurencyjno\u015b\u0107 Polski na arenie mi\u0119dzynarodowej.<\/p>\n<p>Oficjalny emblemat misji, zaprezentowany przez dr. Uzna\u0144skiego, zawiera bia\u0142o-czerwonego or\u0142a \u2013 symbol narodowy Polski \u2013 kt\u00f3rego ogon uk\u0142ada si\u0119 w kszta\u0142t p\u0142omienia. Rozpostarte skrzyd\u0142a or\u0142a nawi\u0105zuj\u0105 do kontur\u00f3w Orlej Perci w Tatrach, a gwiazdy nad nazw\u0105 misji przypominaj\u0105 konstelacj\u0119 Tarczy Sobieskiego, oddaj\u0105c ho\u0142d astronomowi Janowi Heweliuszowi. Druga litera \u201ei\u201d w s\u0142owie \u201eIgnis\u201d przedstawia panele Mi\u0119dzynarodowej Stacji Kosmicznej.<\/p>\n<div class=\"wp-block-image\">\n<figure id=\"attachment_22805\" class=\"wp-caption alignnone\" style=\"width: 842px;\" aria-describedby=\"caption-attachment-22805\"><img fetchpriority=\"high\" decoding=\"async\" class=\"wpa-warning wpa-image-missing-alt wp-image-22805\" src=\"https:\/\/www.krzysztofkolodziej.com\/domkopernika\/wp-content\/uploads\/2024\/12\/Gdy0o4fW8AANl-g-300x200-1.jpeg\" sizes=\"(max-width: 842px) 100vw, 842px\" srcset=\"https:\/\/www.krzysztofkolodziej.com\/domkopernika\/wp-content\/uploads\/2024\/12\/Gdy0o4fW8AANl-g-300x200-1.jpeg 300w, https:\/\/www.sgmk.edu.pl\/wp-content\/uploads\/2024\/12\/Gdy0o4fW8AANl-g-1024x683.jpeg 1024w, https:\/\/www.sgmk.edu.pl\/wp-content\/uploads\/2024\/12\/Gdy0o4fW8AANl-g-768x512.jpeg 768w, https:\/\/www.sgmk.edu.pl\/wp-content\/uploads\/2024\/12\/Gdy0o4fW8AANl-g-1536x1025.jpeg 1536w, https:\/\/www.sgmk.edu.pl\/wp-content\/uploads\/2024\/12\/Gdy0o4fW8AANl-g.jpeg 2048w\" alt=\"Zdj\u0119cie S\u0142awosza Uzna\u0144skiego podczas uroczysto\u015bci prezentacji emblematu.\" width=\"842\" height=\"561\" data-warning=\"Missing alt text\" \/><figcaption id=\"caption-attachment-22805\" class=\"wp-caption-text\">Fot.: Polska Agencja Kosmiczna \/ https:\/\/x.com\/astro_slawosz\/status\/1863563043730493477<\/figcaption><\/figure>\n<\/div>\n<h4>Przygotowania i za\u0142oga<\/h4>\n<p>Dr Uzna\u0144ski jest drugim Polakiem w kosmosie i pierwszym, kt\u00f3ry odwiedzi ISS. Jego lot odb\u0119dzie si\u0119 w ramach misji Ax-4, realizowanej na statku SpaceX Crew Dragon wyniesionym przez rakiet\u0119 Falcon 9. Uzna\u0144ski do\u0142\u0105czy do mi\u0119dzynarodowej za\u0142ogi pod dow\u00f3dztwem Peggy Whitson, w sk\u0142ad kt\u00f3rej wchodz\u0105 r\u00f3wnie\u017c specjali\u015bci misji z Indii i W\u0119gier. Obecnie astronauta przechodzi intensywne szkolenie w o\u015brodkach ESA, NASA i Axiom Space.<\/p>\n<p>Udzia\u0142 w misji jest wynikiem porozumienia Ministerstwa Rozwoju i Technologii z ESA. W sk\u0142ad za\u0142ogi wejd\u0105:<\/p>\n<ul>\n<li><strong>Peggy Whitson (USA)<\/strong> \u2013 dow\u00f3dca misji,<\/li>\n<li><strong>S\u0142awosz Uzna\u0144ski (Polska\/ESA)<\/strong> \u2013 specjalista misji,<\/li>\n<li><strong>Shubhanshu Shukla (Indie)<\/strong> \u2013 pilot misji,<\/li>\n<li><strong>Tibor Kapu (W\u0119gry)<\/strong> \u2013 specjalista misji.<\/li>\n<\/ul>\n<p>Przygotowania do misji rozpocz\u0119\u0142y si\u0119 w sierpniu 2024 roku. Program szkole\u0144 obejmuje symulacje awaryjne, szkolenia medyczne oraz testy zwi\u0105zane z operowaniem kapsu\u0142\u0105 Dragon. Zdobycie certyfikat\u00f3w, takich jak licencja kr\u00f3tkofalarska, pozwala na prowadzenie \u0142\u0105czno\u015bci z Ziemi\u0105 z pok\u0142adu ISS.<\/p>\n<p>Start misji Ax-4 planowany jest z Kennedy Space Center na Florydzie przy u\u017cyciu rakiety Falcon 9 firmy SpaceX, kt\u00f3ra wyniesie kapsu\u0142\u0119 za\u0142ogow\u0105 Dragon. Misja potrwa oko\u0142o 14 dni, podczas kt\u00f3rych astronauci b\u0119d\u0105 prowadzi\u0107 eksperymenty w warunkach mikrograwitacji, koncentruj\u0105c si\u0119 na projektach przygotowanych przez polskich naukowc\u00f3w pod kierunkiem ESA i POLSA.<\/p>\n<div class=\"wp-block-image\">\n<figure id=\"attachment_22807\" class=\"wp-caption alignnone\" style=\"width: 870px;\" aria-describedby=\"caption-attachment-22807\"><img decoding=\"async\" class=\"wp-image-22807\" title=\"Infografika znaku\" src=\"https:\/\/www.krzysztofkolodziej.com\/domkopernika\/wp-content\/uploads\/2024\/12\/GdylflwWsAAQbhM-300x197-1.jpeg\" sizes=\"(max-width: 870px) 100vw, 870px\" srcset=\"https:\/\/www.krzysztofkolodziej.com\/domkopernika\/wp-content\/uploads\/2024\/12\/GdylflwWsAAQbhM-300x197-1.jpeg 300w, https:\/\/www.sgmk.edu.pl\/wp-content\/uploads\/2024\/12\/GdylflwWsAAQbhM-1024x672.jpeg 1024w, https:\/\/www.sgmk.edu.pl\/wp-content\/uploads\/2024\/12\/GdylflwWsAAQbhM-768x504.jpeg 768w, https:\/\/www.sgmk.edu.pl\/wp-content\/uploads\/2024\/12\/GdylflwWsAAQbhM-1536x1008.jpeg 1536w, https:\/\/www.sgmk.edu.pl\/wp-content\/uploads\/2024\/12\/GdylflwWsAAQbhM.jpeg 1754w\" alt=\"Infografika prezentuj\u0105ca oficjalny emblemat misji oraz opisuj\u0105ca charakterystyczne elementy znaku i ich symbolik\u0119.\" width=\"870\" height=\"571\" data-warning=\"Missing alt text\" \/><figcaption id=\"caption-attachment-22807\" class=\"wp-caption-text\">Elementy i symbole misji \/ \u0179r\u00f3d\u0142o: https:\/\/polsa.gov.pl\/wydarzenia\/ignis\/<\/figcaption><\/figure>\n<\/div>\n<h4>Prze\u0142om dla Polski<\/h4>\n<p>Polskie badania prowadzone w przestrzeni kosmicznej otwieraj\u0105 nowe perspektywy dla wsp\u00f3\u0142pracy mi\u0119dzynarodowej oraz umacniaj\u0105 pozycj\u0119 Polski jako aktywnego partnera w Europejskiej Agencji Kosmicznej.<\/p>\n<p>&nbsp;<\/p>\n<p>\u0179r\u00f3d\u0142o: <a href=\"https:\/\/polsa.gov.pl\/wydarzenia\/ignis\/\">POLSA<\/a>, <a href=\"https:\/\/dzienniknaukowy.pl\/ignis-pierwsza-polska-misja-naukowo-technologiczna-na-iss\">DziennikNaukowy.pl<\/a>, <a href=\"https:\/\/x.com\/astro_slawosz\/status\/1863563043730493477\">@Astro_slawosz<\/a><\/p>\n","protected":false},"excerpt":{"rendered":"<p>Rok 2025 zapisze si\u0119 w historii polskiego sektora kosmicznego jako moment prze\u0142omowy. Dr S\u0142awosz Uzna\u0144ski, astronauta projektowy Europejskiej Agencji Kosmicznej (ESA), we\u017amie udzia\u0142 w pierwszej polskiej misji technologiczno-naukowej na Mi\u0119dzynarodowej&hellip;<\/p>\n","protected":false},"author":4,"featured_media":36827,"comment_status":"closed","ping_status":"closed","sticky":false,"template":"","format":"standard","meta":{"footnotes":""},"categories":[310],"tags":[],"class_list":["post-36824","post","type-post","status-publish","format-standard","has-post-thumbnail","hentry","category-astronomia"],"yoast_head":"<!-- This site is optimized with the Yoast SEO plugin v27.5 - https:\/\/yoast.com\/product\/yoast-seo-wordpress\/ -->\n<title>Dom Kopernika - Polski astronauta na Mi\u0119dzynarodowej Stacji Kosmicznej<\/title>\n<meta name=\"robots\" content=\"noindex, follow\" \/>\n<meta property=\"og:locale\" content=\"pl_PL\" \/>\n<meta property=\"og:type\" content=\"article\" \/>\n<meta property=\"og:title\" content=\"Dom Kopernika - Polski astronauta na Mi\u0119dzynarodowej Stacji Kosmicznej\" \/>\n<meta property=\"og:description\" content=\"Rok 2025 zapisze si\u0119 w historii polskiego sektora kosmicznego jako moment prze\u0142omowy. Dr S\u0142awosz Uzna\u0144ski, astronauta projektowy Europejskiej Agencji Kosmicznej (ESA), we\u017amie udzia\u0142 w pierwszej polskiej misji technologiczno-naukowej na Mi\u0119dzynarodowej&hellip;\" \/>\n<meta property=\"og:url\" content=\"https:\/\/www.krzysztofkolodziej.com\/domkopernika\/astronomia\/polski-astronauta-na-miedzynarodowej-stacji-kosmicznej\/\" \/>\n<meta property=\"og:site_name\" content=\"Dom Kopernika\" \/>\n<meta property=\"article:published_time\" content=\"2024-12-06T14:54:58+00:00\" \/>\n<meta property=\"og:image\" content=\"https:\/\/www.krzysztofkolodziej.com\/domkopernika\/wp-content\/uploads\/2024\/12\/Gdy0o4dWcAAkdzK.jpeg\" \/>\n\t<meta property=\"og:image:width\" content=\"2004\" \/>\n\t<meta property=\"og:image:height\" content=\"1336\" \/>\n\t<meta property=\"og:image:type\" content=\"image\/jpeg\" \/>\n<meta name=\"author\" content=\"Krzysztof Ko\u0142odziej\" \/>\n<meta name=\"twitter:card\" content=\"summary_large_image\" \/>\n<meta name=\"twitter:label1\" content=\"Napisane przez\" \/>\n\t<meta name=\"twitter:data1\" content=\"Krzysztof Ko\u0142odziej\" \/>\n\t<meta name=\"twitter:label2\" content=\"Szacowany czas czytania\" \/>\n\t<meta name=\"twitter:data2\" content=\"4 minuty\" \/>\n<script type=\"application\/ld+json\" class=\"yoast-schema-graph\">{\"@context\":\"https:\\\/\\\/schema.org\",\"@graph\":[{\"@type\":\"NewsArticle\",\"@id\":\"https:\\\/\\\/www.krzysztofkolodziej.com\\\/domkopernika\\\/astronomia\\\/polski-astronauta-na-miedzynarodowej-stacji-kosmicznej\\\/#article\",\"isPartOf\":{\"@id\":\"https:\\\/\\\/www.krzysztofkolodziej.com\\\/domkopernika\\\/astronomia\\\/polski-astronauta-na-miedzynarodowej-stacji-kosmicznej\\\/\"},\"author\":{\"name\":\"Krzysztof Ko\u0142odziej\",\"@id\":\"https:\\\/\\\/www.krzysztofkolodziej.com\\\/domkopernika\\\/#\\\/schema\\\/person\\\/875cb93c53b4270be43f471e7ed855ae\"},\"headline\":\"Polski astronauta na Mi\u0119dzynarodowej Stacji Kosmicznej\",\"datePublished\":\"2024-12-06T14:54:58+00:00\",\"mainEntityOfPage\":{\"@id\":\"https:\\\/\\\/www.krzysztofkolodziej.com\\\/domkopernika\\\/astronomia\\\/polski-astronauta-na-miedzynarodowej-stacji-kosmicznej\\\/\"},\"wordCount\":491,\"image\":{\"@id\":\"https:\\\/\\\/www.krzysztofkolodziej.com\\\/domkopernika\\\/astronomia\\\/polski-astronauta-na-miedzynarodowej-stacji-kosmicznej\\\/#primaryimage\"},\"thumbnailUrl\":\"https:\\\/\\\/www.krzysztofkolodziej.com\\\/domkopernika\\\/wp-content\\\/uploads\\\/2024\\\/12\\\/Gdy0o4dWcAAkdzK.jpeg\",\"articleSection\":[\"Astronomia\"],\"inLanguage\":\"pl-PL\"},{\"@type\":\"WebPage\",\"@id\":\"https:\\\/\\\/www.krzysztofkolodziej.com\\\/domkopernika\\\/astronomia\\\/polski-astronauta-na-miedzynarodowej-stacji-kosmicznej\\\/\",\"url\":\"https:\\\/\\\/www.krzysztofkolodziej.com\\\/domkopernika\\\/astronomia\\\/polski-astronauta-na-miedzynarodowej-stacji-kosmicznej\\\/\",\"name\":\"Dom Kopernika - Polski astronauta na Mi\u0119dzynarodowej Stacji Kosmicznej\",\"isPartOf\":{\"@id\":\"https:\\\/\\\/www.krzysztofkolodziej.com\\\/domkopernika\\\/#website\"},\"primaryImageOfPage\":{\"@id\":\"https:\\\/\\\/www.krzysztofkolodziej.com\\\/domkopernika\\\/astronomia\\\/polski-astronauta-na-miedzynarodowej-stacji-kosmicznej\\\/#primaryimage\"},\"image\":{\"@id\":\"https:\\\/\\\/www.krzysztofkolodziej.com\\\/domkopernika\\\/astronomia\\\/polski-astronauta-na-miedzynarodowej-stacji-kosmicznej\\\/#primaryimage\"},\"thumbnailUrl\":\"https:\\\/\\\/www.krzysztofkolodziej.com\\\/domkopernika\\\/wp-content\\\/uploads\\\/2024\\\/12\\\/Gdy0o4dWcAAkdzK.jpeg\",\"datePublished\":\"2024-12-06T14:54:58+00:00\",\"author\":{\"@id\":\"https:\\\/\\\/www.krzysztofkolodziej.com\\\/domkopernika\\\/#\\\/schema\\\/person\\\/875cb93c53b4270be43f471e7ed855ae\"},\"breadcrumb\":{\"@id\":\"https:\\\/\\\/www.krzysztofkolodziej.com\\\/domkopernika\\\/astronomia\\\/polski-astronauta-na-miedzynarodowej-stacji-kosmicznej\\\/#breadcrumb\"},\"inLanguage\":\"pl-PL\",\"potentialAction\":[{\"@type\":\"ReadAction\",\"target\":[\"https:\\\/\\\/www.krzysztofkolodziej.com\\\/domkopernika\\\/astronomia\\\/polski-astronauta-na-miedzynarodowej-stacji-kosmicznej\\\/\"]}]},{\"@type\":\"ImageObject\",\"inLanguage\":\"pl-PL\",\"@id\":\"https:\\\/\\\/www.krzysztofkolodziej.com\\\/domkopernika\\\/astronomia\\\/polski-astronauta-na-miedzynarodowej-stacji-kosmicznej\\\/#primaryimage\",\"url\":\"https:\\\/\\\/www.krzysztofkolodziej.com\\\/domkopernika\\\/wp-content\\\/uploads\\\/2024\\\/12\\\/Gdy0o4dWcAAkdzK.jpeg\",\"contentUrl\":\"https:\\\/\\\/www.krzysztofkolodziej.com\\\/domkopernika\\\/wp-content\\\/uploads\\\/2024\\\/12\\\/Gdy0o4dWcAAkdzK.jpeg\",\"width\":2004,\"height\":1336},{\"@type\":\"BreadcrumbList\",\"@id\":\"https:\\\/\\\/www.krzysztofkolodziej.com\\\/domkopernika\\\/astronomia\\\/polski-astronauta-na-miedzynarodowej-stacji-kosmicznej\\\/#breadcrumb\",\"itemListElement\":[{\"@type\":\"ListItem\",\"position\":1,\"name\":\"Strona g\u0142\u00f3wna\",\"item\":\"https:\\\/\\\/www.krzysztofkolodziej.com\\\/domkopernika\\\/\"},{\"@type\":\"ListItem\",\"position\":2,\"name\":\"Polski astronauta na Mi\u0119dzynarodowej Stacji Kosmicznej\"}]},{\"@type\":\"WebSite\",\"@id\":\"https:\\\/\\\/www.krzysztofkolodziej.com\\\/domkopernika\\\/#website\",\"url\":\"https:\\\/\\\/www.krzysztofkolodziej.com\\\/domkopernika\\\/\",\"name\":\"Dom Kopernika\",\"description\":\"\",\"potentialAction\":[{\"@type\":\"SearchAction\",\"target\":{\"@type\":\"EntryPoint\",\"urlTemplate\":\"https:\\\/\\\/www.krzysztofkolodziej.com\\\/domkopernika\\\/?s={search_term_string}\"},\"query-input\":{\"@type\":\"PropertyValueSpecification\",\"valueRequired\":true,\"valueName\":\"search_term_string\"}}],\"inLanguage\":\"pl-PL\"},{\"@type\":\"Person\",\"@id\":\"https:\\\/\\\/www.krzysztofkolodziej.com\\\/domkopernika\\\/#\\\/schema\\\/person\\\/875cb93c53b4270be43f471e7ed855ae\",\"name\":\"Krzysztof Ko\u0142odziej\",\"image\":{\"@type\":\"ImageObject\",\"inLanguage\":\"pl-PL\",\"@id\":\"https:\\\/\\\/secure.gravatar.com\\\/avatar\\\/fc642545621257206083f066631fe607f7feef26b40d4c54d8ce5bbd466fe17e?s=96&d=mm&r=g\",\"url\":\"https:\\\/\\\/secure.gravatar.com\\\/avatar\\\/fc642545621257206083f066631fe607f7feef26b40d4c54d8ce5bbd466fe17e?s=96&d=mm&r=g\",\"contentUrl\":\"https:\\\/\\\/secure.gravatar.com\\\/avatar\\\/fc642545621257206083f066631fe607f7feef26b40d4c54d8ce5bbd466fe17e?s=96&d=mm&r=g\",\"caption\":\"Krzysztof Ko\u0142odziej\"},\"url\":\"https:\\\/\\\/www.krzysztofkolodziej.com\\\/domkopernika\\\/author\\\/krzysztof-kolodziej\\\/\"}]}<\/script>\n<!-- \/ Yoast SEO plugin. -->","yoast_head_json":{"title":"Dom Kopernika - Polski astronauta na Mi\u0119dzynarodowej Stacji Kosmicznej","robots":{"index":"noindex","follow":"follow"},"og_locale":"pl_PL","og_type":"article","og_title":"Dom Kopernika - Polski astronauta na Mi\u0119dzynarodowej Stacji Kosmicznej","og_description":"Rok 2025 zapisze si\u0119 w historii polskiego sektora kosmicznego jako moment prze\u0142omowy. Dr S\u0142awosz Uzna\u0144ski, astronauta projektowy Europejskiej Agencji Kosmicznej (ESA), we\u017amie udzia\u0142 w pierwszej polskiej misji technologiczno-naukowej na Mi\u0119dzynarodowej&hellip;","og_url":"https:\/\/www.krzysztofkolodziej.com\/domkopernika\/astronomia\/polski-astronauta-na-miedzynarodowej-stacji-kosmicznej\/","og_site_name":"Dom Kopernika","article_published_time":"2024-12-06T14:54:58+00:00","og_image":[{"width":2004,"height":1336,"url":"https:\/\/www.krzysztofkolodziej.com\/domkopernika\/wp-content\/uploads\/2024\/12\/Gdy0o4dWcAAkdzK.jpeg","type":"image\/jpeg"}],"author":"Krzysztof Ko\u0142odziej","twitter_card":"summary_large_image","twitter_misc":{"Napisane przez":"Krzysztof Ko\u0142odziej","Szacowany czas czytania":"4 minuty"},"schema":{"@context":"https:\/\/schema.org","@graph":[{"@type":"NewsArticle","@id":"https:\/\/www.krzysztofkolodziej.com\/domkopernika\/astronomia\/polski-astronauta-na-miedzynarodowej-stacji-kosmicznej\/#article","isPartOf":{"@id":"https:\/\/www.krzysztofkolodziej.com\/domkopernika\/astronomia\/polski-astronauta-na-miedzynarodowej-stacji-kosmicznej\/"},"author":{"name":"Krzysztof Ko\u0142odziej","@id":"https:\/\/www.krzysztofkolodziej.com\/domkopernika\/#\/schema\/person\/875cb93c53b4270be43f471e7ed855ae"},"headline":"Polski astronauta na Mi\u0119dzynarodowej Stacji Kosmicznej","datePublished":"2024-12-06T14:54:58+00:00","mainEntityOfPage":{"@id":"https:\/\/www.krzysztofkolodziej.com\/domkopernika\/astronomia\/polski-astronauta-na-miedzynarodowej-stacji-kosmicznej\/"},"wordCount":491,"image":{"@id":"https:\/\/www.krzysztofkolodziej.com\/domkopernika\/astronomia\/polski-astronauta-na-miedzynarodowej-stacji-kosmicznej\/#primaryimage"},"thumbnailUrl":"https:\/\/www.krzysztofkolodziej.com\/domkopernika\/wp-content\/uploads\/2024\/12\/Gdy0o4dWcAAkdzK.jpeg","articleSection":["Astronomia"],"inLanguage":"pl-PL"},{"@type":"WebPage","@id":"https:\/\/www.krzysztofkolodziej.com\/domkopernika\/astronomia\/polski-astronauta-na-miedzynarodowej-stacji-kosmicznej\/","url":"https:\/\/www.krzysztofkolodziej.com\/domkopernika\/astronomia\/polski-astronauta-na-miedzynarodowej-stacji-kosmicznej\/","name":"Dom Kopernika - Polski astronauta na Mi\u0119dzynarodowej Stacji Kosmicznej","isPartOf":{"@id":"https:\/\/www.krzysztofkolodziej.com\/domkopernika\/#website"},"primaryImageOfPage":{"@id":"https:\/\/www.krzysztofkolodziej.com\/domkopernika\/astronomia\/polski-astronauta-na-miedzynarodowej-stacji-kosmicznej\/#primaryimage"},"image":{"@id":"https:\/\/www.krzysztofkolodziej.com\/domkopernika\/astronomia\/polski-astronauta-na-miedzynarodowej-stacji-kosmicznej\/#primaryimage"},"thumbnailUrl":"https:\/\/www.krzysztofkolodziej.com\/domkopernika\/wp-content\/uploads\/2024\/12\/Gdy0o4dWcAAkdzK.jpeg","datePublished":"2024-12-06T14:54:58+00:00","author":{"@id":"https:\/\/www.krzysztofkolodziej.com\/domkopernika\/#\/schema\/person\/875cb93c53b4270be43f471e7ed855ae"},"breadcrumb":{"@id":"https:\/\/www.krzysztofkolodziej.com\/domkopernika\/astronomia\/polski-astronauta-na-miedzynarodowej-stacji-kosmicznej\/#breadcrumb"},"inLanguage":"pl-PL","potentialAction":[{"@type":"ReadAction","target":["https:\/\/www.krzysztofkolodziej.com\/domkopernika\/astronomia\/polski-astronauta-na-miedzynarodowej-stacji-kosmicznej\/"]}]},{"@type":"ImageObject","inLanguage":"pl-PL","@id":"https:\/\/www.krzysztofkolodziej.com\/domkopernika\/astronomia\/polski-astronauta-na-miedzynarodowej-stacji-kosmicznej\/#primaryimage","url":"https:\/\/www.krzysztofkolodziej.com\/domkopernika\/wp-content\/uploads\/2024\/12\/Gdy0o4dWcAAkdzK.jpeg","contentUrl":"https:\/\/www.krzysztofkolodziej.com\/domkopernika\/wp-content\/uploads\/2024\/12\/Gdy0o4dWcAAkdzK.jpeg","width":2004,"height":1336},{"@type":"BreadcrumbList","@id":"https:\/\/www.krzysztofkolodziej.com\/domkopernika\/astronomia\/polski-astronauta-na-miedzynarodowej-stacji-kosmicznej\/#breadcrumb","itemListElement":[{"@type":"ListItem","position":1,"name":"Strona g\u0142\u00f3wna","item":"https:\/\/www.krzysztofkolodziej.com\/domkopernika\/"},{"@type":"ListItem","position":2,"name":"Polski astronauta na Mi\u0119dzynarodowej Stacji Kosmicznej"}]},{"@type":"WebSite","@id":"https:\/\/www.krzysztofkolodziej.com\/domkopernika\/#website","url":"https:\/\/www.krzysztofkolodziej.com\/domkopernika\/","name":"Dom Kopernika","description":"","potentialAction":[{"@type":"SearchAction","target":{"@type":"EntryPoint","urlTemplate":"https:\/\/www.krzysztofkolodziej.com\/domkopernika\/?s={search_term_string}"},"query-input":{"@type":"PropertyValueSpecification","valueRequired":true,"valueName":"search_term_string"}}],"inLanguage":"pl-PL"},{"@type":"Person","@id":"https:\/\/www.krzysztofkolodziej.com\/domkopernika\/#\/schema\/person\/875cb93c53b4270be43f471e7ed855ae","name":"Krzysztof Ko\u0142odziej","image":{"@type":"ImageObject","inLanguage":"pl-PL","@id":"https:\/\/secure.gravatar.com\/avatar\/fc642545621257206083f066631fe607f7feef26b40d4c54d8ce5bbd466fe17e?s=96&d=mm&r=g","url":"https:\/\/secure.gravatar.com\/avatar\/fc642545621257206083f066631fe607f7feef26b40d4c54d8ce5bbd466fe17e?s=96&d=mm&r=g","contentUrl":"https:\/\/secure.gravatar.com\/avatar\/fc642545621257206083f066631fe607f7feef26b40d4c54d8ce5bbd466fe17e?s=96&d=mm&r=g","caption":"Krzysztof Ko\u0142odziej"},"url":"https:\/\/www.krzysztofkolodziej.com\/domkopernika\/author\/krzysztof-kolodziej\/"}]}},"_links":{"self":[{"href":"https:\/\/www.krzysztofkolodziej.com\/domkopernika\/wp-json\/wp\/v2\/posts\/36824","targetHints":{"allow":["GET"]}}],"collection":[{"href":"https:\/\/www.krzysztofkolodziej.com\/domkopernika\/wp-json\/wp\/v2\/posts"}],"about":[{"href":"https:\/\/www.krzysztofkolodziej.com\/domkopernika\/wp-json\/wp\/v2\/types\/post"}],"author":[{"embeddable":true,"href":"https:\/\/www.krzysztofkolodziej.com\/domkopernika\/wp-json\/wp\/v2\/users\/4"}],"replies":[{"embeddable":true,"href":"https:\/\/www.krzysztofkolodziej.com\/domkopernika\/wp-json\/wp\/v2\/comments?post=36824"}],"version-history":[{"count":1,"href":"https:\/\/www.krzysztofkolodziej.com\/domkopernika\/wp-json\/wp\/v2\/posts\/36824\/revisions"}],"predecessor-version":[{"id":36828,"href":"https:\/\/www.krzysztofkolodziej.com\/domkopernika\/wp-json\/wp\/v2\/posts\/36824\/revisions\/36828"}],"wp:featuredmedia":[{"embeddable":true,"href":"https:\/\/www.krzysztofkolodziej.com\/domkopernika\/wp-json\/wp\/v2\/media\/36827"}],"wp:attachment":[{"href":"https:\/\/www.krzysztofkolodziej.com\/domkopernika\/wp-json\/wp\/v2\/media?parent=36824"}],"wp:term":[{"taxonomy":"category","embeddable":true,"href":"https:\/\/www.krzysztofkolodziej.com\/domkopernika\/wp-json\/wp\/v2\/categories?post=36824"},{"taxonomy":"post_tag","embeddable":true,"href":"https:\/\/www.krzysztofkolodziej.com\/domkopernika\/wp-json\/wp\/v2\/tags?post=36824"}],"curies":[{"name":"wp","href":"https:\/\/api.w.org\/{rel}","templated":true}]}}