{"id":36819,"date":"2024-12-06T15:18:01","date_gmt":"2024-12-06T14:18:01","guid":{"rendered":"https:\/\/www.krzysztofkolodziej.com\/domkopernika\/?p=36819"},"modified":"2024-12-06T15:18:38","modified_gmt":"2024-12-06T14:18:38","slug":"proba-3-misja-kosmiczna-w-ktorej-tworzeniu-brali-udzial-polacy","status":"publish","type":"post","link":"https:\/\/www.krzysztofkolodziej.com\/domkopernika\/astronomia\/proba-3-misja-kosmiczna-w-ktorej-tworzeniu-brali-udzial-polacy\/","title":{"rendered":"Proba-3. Misja kosmiczna, w kt\u00f3rej tworzeniu brali udzia\u0142 Polacy"},"content":{"rendered":"<div id=\"bsf_rt_marker\"><\/div>\n<p><strong>Europejska Agencja Kosmiczna (ESA)<\/strong> przeprowadzi\u0142a 5 grudnia 2024 roku start misji Proba-3, wykorzystuj\u0105c rakiet\u0119 PSLV-XL z indyjskiego Centrum Kosmicznego Satish Dhawan. Misja ta, w kt\u00f3rej bra\u0142o udzia\u0142 40 podmiot\u00f3w z 14 kraj\u00f3w, w tym siedem polskich firm i instytucji, ma na celu prze\u0142omowe badania korony s\u0142onecznej oraz demonstracj\u0119 zaawansowanej technologii utrzymywania formacji satelit\u00f3w w kosmosie.<\/p>\n<h4>Sztuczne Za\u0107mienie S\u0142o\u0144ca<\/h4>\n<p>Misja Proba-3 to pierwszy eksperyment, w kt\u00f3rym dwa satelity \u2013 <strong>Coronograph Spacecraft (CSC)<\/strong> i <strong>Occulter Spacecraft (OSC)<\/strong> \u2013 stworz\u0105 na orbicie sztuczne za\u0107mienie S\u0142o\u0144ca, pozwalaj\u0105c tym samym a\u017c na 6-godzinne obserwacje korony s\u0142onecznej. Tarcza S\u0142o\u0144ca, znacznie ja\u015bniejsza od jej korony, jest przes\u0142aniana przez dysk okulograficzny. Dzi\u0119ki temu teleskop koronograficzny na CSC mo\u017ce bada\u0107 s\u0142abiej widoczne zjawiska, takie jak <strong>koronalne wyrzuty masy<\/strong> czy <strong>wiatr s\u0142oneczny<\/strong>. Misja dostarcza danych, kt\u00f3re dotychczas mo\u017cna by\u0142o pozyska\u0107 jedynie podczas naturalnych za\u0107mie\u0144 trwaj\u0105cych kilka minut, wyst\u0119puj\u0105cych raz do dw\u00f3ch razy w roku.<\/p>\n<div class=\"wp-block-image\">\n<div class=\"wp-block-image\"><img fetchpriority=\"high\" decoding=\"async\" class=\"wpa-warning wpa-image-missing-alt alignnone wp-image-22786\" src=\"https:\/\/www.krzysztofkolodziej.com\/domkopernika\/wp-content\/uploads\/2024\/12\/Proba-3_satellites_forming_artificial_eclipse_article-1-300x118-1.jpg\" sizes=\"(max-width: 943px) 100vw, 943px\" srcset=\"https:\/\/www.krzysztofkolodziej.com\/domkopernika\/wp-content\/uploads\/2024\/12\/Proba-3_satellites_forming_artificial_eclipse_article-1-300x118-1.jpg 300w, https:\/\/www.sgmk.edu.pl\/wp-content\/uploads\/2024\/12\/Proba-3_satellites_forming_artificial_eclipse_article-1-768x302.jpg 768w, https:\/\/www.sgmk.edu.pl\/wp-content\/uploads\/2024\/12\/Proba-3_satellites_forming_artificial_eclipse_article-1.jpg 960w\" alt=\"Grafika komputerowa przedstawiaj\u0105ca planowane u\u0142o\u017cenie satelit\u00f3w celem wywo\u0142ania sztucznego za\u0107mienia S\u0142o\u0144ca\" width=\"943\" height=\"371\" data-warning=\"Missing alt text\" \/><\/div>\n<div><\/div>\n<\/div>\n<p>Formacja satelit\u00f3w Proba-3 wymaga precyzji z dok\u0142adno\u015bci\u0105 do milimetra. Oba satelity poruszaj\u0105 si\u0119 w odleg\u0142o\u015bci 150 metr\u00f3w od siebie na bardzo eliptycznej orbicie Ziemi, kt\u00f3rej apogeum wynosi 60 000 km, a perygeum \u2013 600 km. Technologie opracowane w ramach tej misji mog\u0105 znale\u017a\u0107 zastosowanie w przysz\u0142ych operacjach kosmicznych, takich jak <strong>tankowanie satelit\u00f3w<\/strong>, <strong>naprawy orbitalne<\/strong>, czy nawet poszukiwania egzoplanet poprzez zaawansowan\u0105 koronografi\u0119.<\/p>\n<h4>Wk\u0142ad Polski<\/h4>\n<p><img decoding=\"async\" class=\"wpa-warning wpa-image-missing-alt wp-image-22788 alignleft\" src=\"https:\/\/www.krzysztofkolodziej.com\/domkopernika\/wp-content\/uploads\/2024\/12\/Proba-3_spacecraft_stack_article-200x300-1.jpg\" sizes=\"(max-width: 369px) 100vw, 369px\" srcset=\"https:\/\/www.krzysztofkolodziej.com\/domkopernika\/wp-content\/uploads\/2024\/12\/Proba-3_spacecraft_stack_article-200x300-1.jpg 200w, https:\/\/www.sgmk.edu.pl\/wp-content\/uploads\/2024\/12\/Proba-3_spacecraft_stack_article-683x1024.jpg 683w, https:\/\/www.sgmk.edu.pl\/wp-content\/uploads\/2024\/12\/Proba-3_spacecraft_stack_article-768x1152.jpg 768w, https:\/\/www.sgmk.edu.pl\/wp-content\/uploads\/2024\/12\/Proba-3_spacecraft_stack_article.jpg 960w\" alt=\"Zdj\u0119cie g\u0142owicy statku kosmicznego, kt\u00f3ry wyniesie w kosmos satelity. Statek ma otwarte pokrywy, w taki spos\u00f3b, \u017ce wida\u0107 jego &quot;wn\u0119trzno\u015bci&quot;. Znajduje si\u0119 w hali produkcyjnej, podniesiony przez wyci\u0105g linowy.\" width=\"369\" height=\"553\" data-warning=\"Missing alt text\" \/><\/p>\n<p>Polskie instytucje, m.in. Centrum Bada\u0144 Kosmicznych PAN, by\u0142y kluczowe dla sukcesu misji. CBK PAN dostarczy\u0142o koronograf, opracowa\u0142o oprogramowanie naukowe oraz zaplanowa\u0142o operacje instrument\u00f3w. Udzia\u0142 polskich naukowc\u00f3w w tej presti\u017cowej misji potwierdza ich wiod\u0105c\u0105 rol\u0119 w \u015bwiatowej eksploracji kosmosu.<\/p>\n<p>Proba-3 to czwarta misja z serii Proba, zainicjowanej przez ESA w 2001 roku. Jest dowodem na to, \u017ce ma\u0142e, eksperymentalne satelity mog\u0105 wprowadza\u0107 prze\u0142omowe technologie. W perspektywie d\u0142ugoterminowej rozw\u00f3j tych rozwi\u0105za\u0144 otwiera nowe mo\u017cliwo\u015bci nie tylko w badaniach S\u0142o\u0144ca, ale tak\u017ce w eksploracji innych uk\u0142ad\u00f3w planetarnych oraz monitoringu Ziemi.<\/p>\n<p>Misja Proba-3, o bud\u017cecie oko\u0142o 200 milion\u00f3w euro i planowanym czasie trwania dw\u00f3ch lat, stanowi istotny krok w rozwoju europejskich i globalnych bada\u0144 kosmicznych.<\/p>\n<p>\u0179r\u00f3d\u0142a: <a href=\"https:\/\/www.esa.int\/Enabling_Support\/Space_Engineering_Technology\/Proba-3\/Watch_eclipse-making_Proba-3_launch\">ESA, <\/a><a href=\"https:\/\/spaceflightnow.com\/2024\/12\/03\/india-to-launch-eurpopes-proba-3-spacecraft-pair-to-study-the-sun-demonstrate-tandem-maneuvering-in-orbit\/\">Spaceflight Now <\/a> fot i grafika.: <a href=\"http:\/\/www.esa.int\/\">esa.int<\/a><\/p>\n","protected":false},"excerpt":{"rendered":"<p>Europejska Agencja Kosmiczna (ESA) przeprowadzi\u0142a 5 grudnia 2024 roku start misji Proba-3, wykorzystuj\u0105c rakiet\u0119 PSLV-XL z indyjskiego Centrum Kosmicznego Satish Dhawan. Misja ta, w kt\u00f3rej bra\u0142o udzia\u0142 40 podmiot\u00f3w z&hellip;<\/p>\n","protected":false},"author":4,"featured_media":36823,"comment_status":"closed","ping_status":"closed","sticky":false,"template":"","format":"standard","meta":{"footnotes":""},"categories":[310],"tags":[],"class_list":["post-36819","post","type-post","status-publish","format-standard","has-post-thumbnail","hentry","category-astronomia"],"yoast_head":"<!-- This site is optimized with the Yoast SEO plugin v27.5 - https:\/\/yoast.com\/product\/yoast-seo-wordpress\/ -->\n<title>Dom Kopernika - Proba-3. Misja kosmiczna, w kt\u00f3rej tworzeniu brali udzia\u0142 Polacy<\/title>\n<meta name=\"robots\" content=\"noindex, follow\" \/>\n<meta property=\"og:locale\" content=\"pl_PL\" \/>\n<meta property=\"og:type\" content=\"article\" \/>\n<meta property=\"og:title\" content=\"Dom Kopernika - Proba-3. Misja kosmiczna, w kt\u00f3rej tworzeniu brali udzia\u0142 Polacy\" \/>\n<meta property=\"og:description\" content=\"Europejska Agencja Kosmiczna (ESA) przeprowadzi\u0142a 5 grudnia 2024 roku start misji Proba-3, wykorzystuj\u0105c rakiet\u0119 PSLV-XL z indyjskiego Centrum Kosmicznego Satish Dhawan. Misja ta, w kt\u00f3rej bra\u0142o udzia\u0142 40 podmiot\u00f3w z&hellip;\" \/>\n<meta property=\"og:url\" content=\"https:\/\/www.krzysztofkolodziej.com\/domkopernika\/astronomia\/proba-3-misja-kosmiczna-w-ktorej-tworzeniu-brali-udzial-polacy\/\" \/>\n<meta property=\"og:site_name\" content=\"Dom Kopernika\" \/>\n<meta property=\"article:published_time\" content=\"2024-12-06T14:18:01+00:00\" \/>\n<meta property=\"article:modified_time\" content=\"2024-12-06T14:18:38+00:00\" \/>\n<meta property=\"og:image\" content=\"https:\/\/www.krzysztofkolodziej.com\/domkopernika\/wp-content\/uploads\/2024\/12\/Proba-3_within_PSLV-XL_launcher_pillars.jpg\" \/>\n\t<meta property=\"og:image:width\" content=\"1920\" \/>\n\t<meta property=\"og:image:height\" content=\"1440\" \/>\n\t<meta property=\"og:image:type\" content=\"image\/jpeg\" \/>\n<meta name=\"author\" content=\"Krzysztof Ko\u0142odziej\" \/>\n<meta name=\"twitter:card\" content=\"summary_large_image\" \/>\n<meta name=\"twitter:label1\" content=\"Napisane przez\" \/>\n\t<meta name=\"twitter:data1\" content=\"Krzysztof Ko\u0142odziej\" \/>\n\t<meta name=\"twitter:label2\" content=\"Szacowany czas czytania\" \/>\n\t<meta name=\"twitter:data2\" content=\"3 minuty\" \/>\n<script type=\"application\/ld+json\" class=\"yoast-schema-graph\">{\"@context\":\"https:\\\/\\\/schema.org\",\"@graph\":[{\"@type\":\"NewsArticle\",\"@id\":\"https:\\\/\\\/www.krzysztofkolodziej.com\\\/domkopernika\\\/astronomia\\\/proba-3-misja-kosmiczna-w-ktorej-tworzeniu-brali-udzial-polacy\\\/#article\",\"isPartOf\":{\"@id\":\"https:\\\/\\\/www.krzysztofkolodziej.com\\\/domkopernika\\\/astronomia\\\/proba-3-misja-kosmiczna-w-ktorej-tworzeniu-brali-udzial-polacy\\\/\"},\"author\":{\"name\":\"Krzysztof Ko\u0142odziej\",\"@id\":\"https:\\\/\\\/www.krzysztofkolodziej.com\\\/domkopernika\\\/#\\\/schema\\\/person\\\/875cb93c53b4270be43f471e7ed855ae\"},\"headline\":\"Proba-3. Misja kosmiczna, w kt\u00f3rej tworzeniu brali udzia\u0142 Polacy\",\"datePublished\":\"2024-12-06T14:18:01+00:00\",\"dateModified\":\"2024-12-06T14:18:38+00:00\",\"mainEntityOfPage\":{\"@id\":\"https:\\\/\\\/www.krzysztofkolodziej.com\\\/domkopernika\\\/astronomia\\\/proba-3-misja-kosmiczna-w-ktorej-tworzeniu-brali-udzial-polacy\\\/\"},\"wordCount\":395,\"image\":{\"@id\":\"https:\\\/\\\/www.krzysztofkolodziej.com\\\/domkopernika\\\/astronomia\\\/proba-3-misja-kosmiczna-w-ktorej-tworzeniu-brali-udzial-polacy\\\/#primaryimage\"},\"thumbnailUrl\":\"https:\\\/\\\/www.krzysztofkolodziej.com\\\/domkopernika\\\/wp-content\\\/uploads\\\/2024\\\/12\\\/Proba-3_within_PSLV-XL_launcher_pillars.jpg\",\"articleSection\":[\"Astronomia\"],\"inLanguage\":\"pl-PL\"},{\"@type\":\"WebPage\",\"@id\":\"https:\\\/\\\/www.krzysztofkolodziej.com\\\/domkopernika\\\/astronomia\\\/proba-3-misja-kosmiczna-w-ktorej-tworzeniu-brali-udzial-polacy\\\/\",\"url\":\"https:\\\/\\\/www.krzysztofkolodziej.com\\\/domkopernika\\\/astronomia\\\/proba-3-misja-kosmiczna-w-ktorej-tworzeniu-brali-udzial-polacy\\\/\",\"name\":\"Dom Kopernika - Proba-3. Misja kosmiczna, w kt\u00f3rej tworzeniu brali udzia\u0142 Polacy\",\"isPartOf\":{\"@id\":\"https:\\\/\\\/www.krzysztofkolodziej.com\\\/domkopernika\\\/#website\"},\"primaryImageOfPage\":{\"@id\":\"https:\\\/\\\/www.krzysztofkolodziej.com\\\/domkopernika\\\/astronomia\\\/proba-3-misja-kosmiczna-w-ktorej-tworzeniu-brali-udzial-polacy\\\/#primaryimage\"},\"image\":{\"@id\":\"https:\\\/\\\/www.krzysztofkolodziej.com\\\/domkopernika\\\/astronomia\\\/proba-3-misja-kosmiczna-w-ktorej-tworzeniu-brali-udzial-polacy\\\/#primaryimage\"},\"thumbnailUrl\":\"https:\\\/\\\/www.krzysztofkolodziej.com\\\/domkopernika\\\/wp-content\\\/uploads\\\/2024\\\/12\\\/Proba-3_within_PSLV-XL_launcher_pillars.jpg\",\"datePublished\":\"2024-12-06T14:18:01+00:00\",\"dateModified\":\"2024-12-06T14:18:38+00:00\",\"author\":{\"@id\":\"https:\\\/\\\/www.krzysztofkolodziej.com\\\/domkopernika\\\/#\\\/schema\\\/person\\\/875cb93c53b4270be43f471e7ed855ae\"},\"breadcrumb\":{\"@id\":\"https:\\\/\\\/www.krzysztofkolodziej.com\\\/domkopernika\\\/astronomia\\\/proba-3-misja-kosmiczna-w-ktorej-tworzeniu-brali-udzial-polacy\\\/#breadcrumb\"},\"inLanguage\":\"pl-PL\",\"potentialAction\":[{\"@type\":\"ReadAction\",\"target\":[\"https:\\\/\\\/www.krzysztofkolodziej.com\\\/domkopernika\\\/astronomia\\\/proba-3-misja-kosmiczna-w-ktorej-tworzeniu-brali-udzial-polacy\\\/\"]}]},{\"@type\":\"ImageObject\",\"inLanguage\":\"pl-PL\",\"@id\":\"https:\\\/\\\/www.krzysztofkolodziej.com\\\/domkopernika\\\/astronomia\\\/proba-3-misja-kosmiczna-w-ktorej-tworzeniu-brali-udzial-polacy\\\/#primaryimage\",\"url\":\"https:\\\/\\\/www.krzysztofkolodziej.com\\\/domkopernika\\\/wp-content\\\/uploads\\\/2024\\\/12\\\/Proba-3_within_PSLV-XL_launcher_pillars.jpg\",\"contentUrl\":\"https:\\\/\\\/www.krzysztofkolodziej.com\\\/domkopernika\\\/wp-content\\\/uploads\\\/2024\\\/12\\\/Proba-3_within_PSLV-XL_launcher_pillars.jpg\",\"width\":1920,\"height\":1440},{\"@type\":\"BreadcrumbList\",\"@id\":\"https:\\\/\\\/www.krzysztofkolodziej.com\\\/domkopernika\\\/astronomia\\\/proba-3-misja-kosmiczna-w-ktorej-tworzeniu-brali-udzial-polacy\\\/#breadcrumb\",\"itemListElement\":[{\"@type\":\"ListItem\",\"position\":1,\"name\":\"Strona g\u0142\u00f3wna\",\"item\":\"https:\\\/\\\/www.krzysztofkolodziej.com\\\/domkopernika\\\/\"},{\"@type\":\"ListItem\",\"position\":2,\"name\":\"Proba-3. Misja kosmiczna, w kt\u00f3rej tworzeniu brali udzia\u0142 Polacy\"}]},{\"@type\":\"WebSite\",\"@id\":\"https:\\\/\\\/www.krzysztofkolodziej.com\\\/domkopernika\\\/#website\",\"url\":\"https:\\\/\\\/www.krzysztofkolodziej.com\\\/domkopernika\\\/\",\"name\":\"Dom Kopernika\",\"description\":\"\",\"potentialAction\":[{\"@type\":\"SearchAction\",\"target\":{\"@type\":\"EntryPoint\",\"urlTemplate\":\"https:\\\/\\\/www.krzysztofkolodziej.com\\\/domkopernika\\\/?s={search_term_string}\"},\"query-input\":{\"@type\":\"PropertyValueSpecification\",\"valueRequired\":true,\"valueName\":\"search_term_string\"}}],\"inLanguage\":\"pl-PL\"},{\"@type\":\"Person\",\"@id\":\"https:\\\/\\\/www.krzysztofkolodziej.com\\\/domkopernika\\\/#\\\/schema\\\/person\\\/875cb93c53b4270be43f471e7ed855ae\",\"name\":\"Krzysztof Ko\u0142odziej\",\"image\":{\"@type\":\"ImageObject\",\"inLanguage\":\"pl-PL\",\"@id\":\"https:\\\/\\\/secure.gravatar.com\\\/avatar\\\/fc642545621257206083f066631fe607f7feef26b40d4c54d8ce5bbd466fe17e?s=96&d=mm&r=g\",\"url\":\"https:\\\/\\\/secure.gravatar.com\\\/avatar\\\/fc642545621257206083f066631fe607f7feef26b40d4c54d8ce5bbd466fe17e?s=96&d=mm&r=g\",\"contentUrl\":\"https:\\\/\\\/secure.gravatar.com\\\/avatar\\\/fc642545621257206083f066631fe607f7feef26b40d4c54d8ce5bbd466fe17e?s=96&d=mm&r=g\",\"caption\":\"Krzysztof Ko\u0142odziej\"},\"url\":\"https:\\\/\\\/www.krzysztofkolodziej.com\\\/domkopernika\\\/author\\\/krzysztof-kolodziej\\\/\"}]}<\/script>\n<!-- \/ Yoast SEO plugin. -->","yoast_head_json":{"title":"Dom Kopernika - Proba-3. Misja kosmiczna, w kt\u00f3rej tworzeniu brali udzia\u0142 Polacy","robots":{"index":"noindex","follow":"follow"},"og_locale":"pl_PL","og_type":"article","og_title":"Dom Kopernika - Proba-3. Misja kosmiczna, w kt\u00f3rej tworzeniu brali udzia\u0142 Polacy","og_description":"Europejska Agencja Kosmiczna (ESA) przeprowadzi\u0142a 5 grudnia 2024 roku start misji Proba-3, wykorzystuj\u0105c rakiet\u0119 PSLV-XL z indyjskiego Centrum Kosmicznego Satish Dhawan. Misja ta, w kt\u00f3rej bra\u0142o udzia\u0142 40 podmiot\u00f3w z&hellip;","og_url":"https:\/\/www.krzysztofkolodziej.com\/domkopernika\/astronomia\/proba-3-misja-kosmiczna-w-ktorej-tworzeniu-brali-udzial-polacy\/","og_site_name":"Dom Kopernika","article_published_time":"2024-12-06T14:18:01+00:00","article_modified_time":"2024-12-06T14:18:38+00:00","og_image":[{"width":1920,"height":1440,"url":"https:\/\/www.krzysztofkolodziej.com\/domkopernika\/wp-content\/uploads\/2024\/12\/Proba-3_within_PSLV-XL_launcher_pillars.jpg","type":"image\/jpeg"}],"author":"Krzysztof Ko\u0142odziej","twitter_card":"summary_large_image","twitter_misc":{"Napisane przez":"Krzysztof Ko\u0142odziej","Szacowany czas czytania":"3 minuty"},"schema":{"@context":"https:\/\/schema.org","@graph":[{"@type":"NewsArticle","@id":"https:\/\/www.krzysztofkolodziej.com\/domkopernika\/astronomia\/proba-3-misja-kosmiczna-w-ktorej-tworzeniu-brali-udzial-polacy\/#article","isPartOf":{"@id":"https:\/\/www.krzysztofkolodziej.com\/domkopernika\/astronomia\/proba-3-misja-kosmiczna-w-ktorej-tworzeniu-brali-udzial-polacy\/"},"author":{"name":"Krzysztof Ko\u0142odziej","@id":"https:\/\/www.krzysztofkolodziej.com\/domkopernika\/#\/schema\/person\/875cb93c53b4270be43f471e7ed855ae"},"headline":"Proba-3. Misja kosmiczna, w kt\u00f3rej tworzeniu brali udzia\u0142 Polacy","datePublished":"2024-12-06T14:18:01+00:00","dateModified":"2024-12-06T14:18:38+00:00","mainEntityOfPage":{"@id":"https:\/\/www.krzysztofkolodziej.com\/domkopernika\/astronomia\/proba-3-misja-kosmiczna-w-ktorej-tworzeniu-brali-udzial-polacy\/"},"wordCount":395,"image":{"@id":"https:\/\/www.krzysztofkolodziej.com\/domkopernika\/astronomia\/proba-3-misja-kosmiczna-w-ktorej-tworzeniu-brali-udzial-polacy\/#primaryimage"},"thumbnailUrl":"https:\/\/www.krzysztofkolodziej.com\/domkopernika\/wp-content\/uploads\/2024\/12\/Proba-3_within_PSLV-XL_launcher_pillars.jpg","articleSection":["Astronomia"],"inLanguage":"pl-PL"},{"@type":"WebPage","@id":"https:\/\/www.krzysztofkolodziej.com\/domkopernika\/astronomia\/proba-3-misja-kosmiczna-w-ktorej-tworzeniu-brali-udzial-polacy\/","url":"https:\/\/www.krzysztofkolodziej.com\/domkopernika\/astronomia\/proba-3-misja-kosmiczna-w-ktorej-tworzeniu-brali-udzial-polacy\/","name":"Dom Kopernika - Proba-3. Misja kosmiczna, w kt\u00f3rej tworzeniu brali udzia\u0142 Polacy","isPartOf":{"@id":"https:\/\/www.krzysztofkolodziej.com\/domkopernika\/#website"},"primaryImageOfPage":{"@id":"https:\/\/www.krzysztofkolodziej.com\/domkopernika\/astronomia\/proba-3-misja-kosmiczna-w-ktorej-tworzeniu-brali-udzial-polacy\/#primaryimage"},"image":{"@id":"https:\/\/www.krzysztofkolodziej.com\/domkopernika\/astronomia\/proba-3-misja-kosmiczna-w-ktorej-tworzeniu-brali-udzial-polacy\/#primaryimage"},"thumbnailUrl":"https:\/\/www.krzysztofkolodziej.com\/domkopernika\/wp-content\/uploads\/2024\/12\/Proba-3_within_PSLV-XL_launcher_pillars.jpg","datePublished":"2024-12-06T14:18:01+00:00","dateModified":"2024-12-06T14:18:38+00:00","author":{"@id":"https:\/\/www.krzysztofkolodziej.com\/domkopernika\/#\/schema\/person\/875cb93c53b4270be43f471e7ed855ae"},"breadcrumb":{"@id":"https:\/\/www.krzysztofkolodziej.com\/domkopernika\/astronomia\/proba-3-misja-kosmiczna-w-ktorej-tworzeniu-brali-udzial-polacy\/#breadcrumb"},"inLanguage":"pl-PL","potentialAction":[{"@type":"ReadAction","target":["https:\/\/www.krzysztofkolodziej.com\/domkopernika\/astronomia\/proba-3-misja-kosmiczna-w-ktorej-tworzeniu-brali-udzial-polacy\/"]}]},{"@type":"ImageObject","inLanguage":"pl-PL","@id":"https:\/\/www.krzysztofkolodziej.com\/domkopernika\/astronomia\/proba-3-misja-kosmiczna-w-ktorej-tworzeniu-brali-udzial-polacy\/#primaryimage","url":"https:\/\/www.krzysztofkolodziej.com\/domkopernika\/wp-content\/uploads\/2024\/12\/Proba-3_within_PSLV-XL_launcher_pillars.jpg","contentUrl":"https:\/\/www.krzysztofkolodziej.com\/domkopernika\/wp-content\/uploads\/2024\/12\/Proba-3_within_PSLV-XL_launcher_pillars.jpg","width":1920,"height":1440},{"@type":"BreadcrumbList","@id":"https:\/\/www.krzysztofkolodziej.com\/domkopernika\/astronomia\/proba-3-misja-kosmiczna-w-ktorej-tworzeniu-brali-udzial-polacy\/#breadcrumb","itemListElement":[{"@type":"ListItem","position":1,"name":"Strona g\u0142\u00f3wna","item":"https:\/\/www.krzysztofkolodziej.com\/domkopernika\/"},{"@type":"ListItem","position":2,"name":"Proba-3. Misja kosmiczna, w kt\u00f3rej tworzeniu brali udzia\u0142 Polacy"}]},{"@type":"WebSite","@id":"https:\/\/www.krzysztofkolodziej.com\/domkopernika\/#website","url":"https:\/\/www.krzysztofkolodziej.com\/domkopernika\/","name":"Dom Kopernika","description":"","potentialAction":[{"@type":"SearchAction","target":{"@type":"EntryPoint","urlTemplate":"https:\/\/www.krzysztofkolodziej.com\/domkopernika\/?s={search_term_string}"},"query-input":{"@type":"PropertyValueSpecification","valueRequired":true,"valueName":"search_term_string"}}],"inLanguage":"pl-PL"},{"@type":"Person","@id":"https:\/\/www.krzysztofkolodziej.com\/domkopernika\/#\/schema\/person\/875cb93c53b4270be43f471e7ed855ae","name":"Krzysztof Ko\u0142odziej","image":{"@type":"ImageObject","inLanguage":"pl-PL","@id":"https:\/\/secure.gravatar.com\/avatar\/fc642545621257206083f066631fe607f7feef26b40d4c54d8ce5bbd466fe17e?s=96&d=mm&r=g","url":"https:\/\/secure.gravatar.com\/avatar\/fc642545621257206083f066631fe607f7feef26b40d4c54d8ce5bbd466fe17e?s=96&d=mm&r=g","contentUrl":"https:\/\/secure.gravatar.com\/avatar\/fc642545621257206083f066631fe607f7feef26b40d4c54d8ce5bbd466fe17e?s=96&d=mm&r=g","caption":"Krzysztof Ko\u0142odziej"},"url":"https:\/\/www.krzysztofkolodziej.com\/domkopernika\/author\/krzysztof-kolodziej\/"}]}},"_links":{"self":[{"href":"https:\/\/www.krzysztofkolodziej.com\/domkopernika\/wp-json\/wp\/v2\/posts\/36819","targetHints":{"allow":["GET"]}}],"collection":[{"href":"https:\/\/www.krzysztofkolodziej.com\/domkopernika\/wp-json\/wp\/v2\/posts"}],"about":[{"href":"https:\/\/www.krzysztofkolodziej.com\/domkopernika\/wp-json\/wp\/v2\/types\/post"}],"author":[{"embeddable":true,"href":"https:\/\/www.krzysztofkolodziej.com\/domkopernika\/wp-json\/wp\/v2\/users\/4"}],"replies":[{"embeddable":true,"href":"https:\/\/www.krzysztofkolodziej.com\/domkopernika\/wp-json\/wp\/v2\/comments?post=36819"}],"version-history":[{"count":1,"href":"https:\/\/www.krzysztofkolodziej.com\/domkopernika\/wp-json\/wp\/v2\/posts\/36819\/revisions"}],"predecessor-version":[{"id":36822,"href":"https:\/\/www.krzysztofkolodziej.com\/domkopernika\/wp-json\/wp\/v2\/posts\/36819\/revisions\/36822"}],"wp:featuredmedia":[{"embeddable":true,"href":"https:\/\/www.krzysztofkolodziej.com\/domkopernika\/wp-json\/wp\/v2\/media\/36823"}],"wp:attachment":[{"href":"https:\/\/www.krzysztofkolodziej.com\/domkopernika\/wp-json\/wp\/v2\/media?parent=36819"}],"wp:term":[{"taxonomy":"category","embeddable":true,"href":"https:\/\/www.krzysztofkolodziej.com\/domkopernika\/wp-json\/wp\/v2\/categories?post=36819"},{"taxonomy":"post_tag","embeddable":true,"href":"https:\/\/www.krzysztofkolodziej.com\/domkopernika\/wp-json\/wp\/v2\/tags?post=36819"}],"curies":[{"name":"wp","href":"https:\/\/api.w.org\/{rel}","templated":true}]}}