{"id":36794,"date":"2024-12-05T14:22:53","date_gmt":"2024-12-05T13:22:53","guid":{"rendered":"https:\/\/www.krzysztofkolodziej.com\/domkopernika\/?p=36794"},"modified":"2024-12-05T14:22:53","modified_gmt":"2024-12-05T13:22:53","slug":"mlodzi-polscy-wynalazcy-z-innowacyjnymi-pomyslam","status":"publish","type":"post","link":"https:\/\/www.krzysztofkolodziej.com\/domkopernika\/technologia\/mlodzi-polscy-wynalazcy-z-innowacyjnymi-pomyslam\/","title":{"rendered":"M\u0142odzi polscy wynalazcy z innowacyjnymi pomys\u0142am"},"content":{"rendered":"<div id=\"bsf_rt_marker\"><\/div>\n<p><strong>Tegoroczny fina\u0142 konkursu \u201eM\u0142ody Wynalazca\u201d, organizowanego przez dziennik \u201eRzeczpospolita\u201d we wsp\u00f3\u0142pracy z Urz\u0119dem Patentowym RP, pokaza\u0142, \u017ce m\u0142ode polskie talenty technologiczne maj\u0105 ogromny potencja\u0142 do wprowadzania zmian, kt\u00f3re mog\u0105 poprawi\u0107 jako\u015b\u0107 \u017cycia i rozw\u00f3j r\u00f3\u017cnych dziedzin nauki oraz gospodarki. Wydarzenie mia\u0142o na celu wsparcie student\u00f3w i m\u0142odych naukowc\u00f3w w rozwijaniu ich innowacyjnych projekt\u00f3w.<\/strong><\/p>\n<h4>Nagrody g\u0142\u00f3wne<\/h4>\n<p>Pierwsz\u0105 nagrod\u0119 w kategorii IT Development zdoby\u0142 zesp\u00f3\u0142 Cezarego Skar\u017cy\u0144skiego za projekt DIAGLY \u2013 asystenta sztucznej inteligencji wspieraj\u0105cego diagnostyk\u0119 medyczn\u0105 w podstawowej opiece zdrowotnej. System analizuje dane w czasie rzeczywistym i sugeruje mo\u017cliwe diagnozy oraz zalecenia dla pacjent\u00f3w. To rozwi\u0105zanie mo\u017ce znacznie usprawni\u0107 codzienn\u0105 prac\u0119 lekarzy.<\/p>\n<p>Drug\u0105 nagrod\u0119 przyznano Maciejowi \u015alotowi za innowacyjny radiowy czujnik kardiologiczny. Urz\u0105dzenie to umo\u017cliwia bezinwazyjne mierzenie poziomu p\u0142ynu w p\u0142ucach, co mo\u017ce mie\u0107 kluczowe znaczenie w diagnostyce pacjent\u00f3w z chorobami serca, szczeg\u00f3lnie w regionach o ograniczonym dost\u0119pie do specjalistycznej opieki.<\/p>\n<figure id=\"attachment_22483\" class=\"wp-caption alignnone\" style=\"width: 882px;\" aria-describedby=\"caption-attachment-22483\"><img fetchpriority=\"high\" decoding=\"async\" class=\" wp-image-22483\" src=\"https:\/\/www.krzysztofkolodziej.com\/domkopernika\/wp-content\/uploads\/2024\/12\/617d6b1666bdfe6c3ae903a3874e6e6e-300x188-1.webp\" sizes=\"(max-width: 882px) 100vw, 882px\" srcset=\"https:\/\/www.krzysztofkolodziej.com\/domkopernika\/wp-content\/uploads\/2024\/12\/617d6b1666bdfe6c3ae903a3874e6e6e-300x188-1.webp 300w, https:\/\/www.sgmk.edu.pl\/wp-content\/uploads\/2024\/12\/617d6b1666bdfe6c3ae903a3874e6e6e-1024x641.webp 1024w, https:\/\/www.sgmk.edu.pl\/wp-content\/uploads\/2024\/12\/617d6b1666bdfe6c3ae903a3874e6e6e-1536x961.webp 1536w, https:\/\/www.sgmk.edu.pl\/wp-content\/uploads\/2024\/12\/617d6b1666bdfe6c3ae903a3874e6e6e.webp 1896w\" alt=\"Na zdj\u0119ciu grupa os\u00f3b stoj\u0105cych na scenie podczas ceremonii wr\u0119czenia nagr\u00f3d konkursu \u201eM\u0142ody Wynalazca\u201d. \" width=\"882\" height=\"553\" \/><figcaption id=\"caption-attachment-22483\" class=\"wp-caption-text\">Na zdj\u0119ciu od lewej: Tomasz Pietryga, zast\u0119pca redaktora naczelnego \u201eRz\u201d, Anna Rzepa, odbieraj\u0105ca wyr\u00f3\u017cnienie dla gdy\u0144skiego III Liceum Og\u00f3lnokszta\u0142c\u0105cego, Kornelia Wieczorek, wyr\u00f3\u017cniona w kategoriii agrotech &amp; food technology, Filip Budny, wyr\u00f3\u017cniony w kategorii zielona transformacja, Maciej \u015alot, M\u0142ody Wynalazca 2024, i Bogus\u0142aw Chrabota, redaktor naczelny grupy medialnej Gremi Media, wydawcy \u201eRz\u201d \/ Fot. Cezary Piwowarski<\/figcaption><\/figure>\n<h4>Wyr\u00f3\u017cnienia<\/h4>\n<p>Kornelia Wieczorek otrzyma\u0142a wyr\u00f3\u017cnienie w kategorii agrotech &amp; food technology za projekt RHIZOSPHERIC, kt\u00f3ry proponuje zast\u0105pienie sztucznych nawoz\u00f3w bakteriami wi\u0105\u017c\u0105cymi azot, redukuj\u0105c wp\u0142yw rolnictwa na \u015brodowisko. Z kolei Filip Budny zosta\u0142 doceniony w kategorii zielonej transformacji za system Watersense, monitoruj\u0105cy stan rzek i umo\u017cliwiaj\u0105cy szybsze reagowanie na zmiany w ich ekosystemach.<\/p>\n<h4>Konkurs jako platforma innowacji<\/h4>\n<p>\u201eM\u0142ody Wynalazca\u201d to wydarzenie promuj\u0105ce kreatywno\u015b\u0107 w obszarach takich jak medycyna, AI, technologie rolnicze czy ochrona \u015brodowiska. Wspiera m\u0142odych tw\u00f3rc\u00f3w w rozwijaniu swoich projekt\u00f3w i daje im mo\u017cliwo\u015b\u0107 wprowadzenia ich na rynek. Tegoroczna edycja ponownie dowiod\u0142a, \u017ce m\u0142odzi Polacy mog\u0105 by\u0107 konkurencyjni na mi\u0119dzynarodowej arenie innowacji.<\/p>\n<hr \/>\n<p>\u0179r\u00f3d\u0142o: <a href=\"https:\/\/www.rp.pl\/prawo-dla-ciebie\/art41523861-konkurs-mlody-wynalazca-to-korzysci-jakie-przyniosa-projekty\">Reczpospolita.pl<\/a> \/ Fot. z ok\u0142adki: Cezary Piwowarski<\/p>\n","protected":false},"excerpt":{"rendered":"<p>Tegoroczny fina\u0142 konkursu \u201eM\u0142ody Wynalazca\u201d, organizowanego przez dziennik \u201eRzeczpospolita\u201d we wsp\u00f3\u0142pracy z Urz\u0119dem Patentowym RP, pokaza\u0142, \u017ce m\u0142ode polskie talenty technologiczne maj\u0105 ogromny potencja\u0142 do wprowadzania zmian, kt\u00f3re mog\u0105 poprawi\u0107&hellip;<\/p>\n","protected":false},"author":4,"featured_media":36795,"comment_status":"closed","ping_status":"closed","sticky":false,"template":"","format":"standard","meta":{"footnotes":""},"categories":[315],"tags":[],"class_list":["post-36794","post","type-post","status-publish","format-standard","has-post-thumbnail","hentry","category-technologia"],"yoast_head":"<!-- This site is optimized with the Yoast SEO plugin v27.5 - https:\/\/yoast.com\/product\/yoast-seo-wordpress\/ -->\n<title>Dom Kopernika - M\u0142odzi polscy wynalazcy z innowacyjnymi pomys\u0142am<\/title>\n<meta name=\"robots\" content=\"noindex, follow\" \/>\n<meta property=\"og:locale\" content=\"pl_PL\" \/>\n<meta property=\"og:type\" content=\"article\" \/>\n<meta property=\"og:title\" content=\"Dom Kopernika - M\u0142odzi polscy wynalazcy z innowacyjnymi pomys\u0142am\" \/>\n<meta property=\"og:description\" content=\"Tegoroczny fina\u0142 konkursu \u201eM\u0142ody Wynalazca\u201d, organizowanego przez dziennik \u201eRzeczpospolita\u201d we wsp\u00f3\u0142pracy z Urz\u0119dem Patentowym RP, pokaza\u0142, \u017ce m\u0142ode polskie talenty technologiczne maj\u0105 ogromny potencja\u0142 do wprowadzania zmian, kt\u00f3re mog\u0105 poprawi\u0107&hellip;\" \/>\n<meta property=\"og:url\" content=\"https:\/\/www.krzysztofkolodziej.com\/domkopernika\/technologia\/mlodzi-polscy-wynalazcy-z-innowacyjnymi-pomyslam\/\" \/>\n<meta property=\"og:site_name\" content=\"Dom Kopernika\" \/>\n<meta property=\"article:published_time\" content=\"2024-12-05T13:22:53+00:00\" \/>\n<meta property=\"og:image\" content=\"https:\/\/www.krzysztofkolodziej.com\/domkopernika\/wp-content\/uploads\/2024\/12\/617d6b1666bdfe6c3ae903a3874e6e6e-300x188-1.webp\" \/>\n\t<meta property=\"og:image:width\" content=\"300\" \/>\n\t<meta property=\"og:image:height\" content=\"188\" \/>\n\t<meta property=\"og:image:type\" content=\"image\/webp\" \/>\n<meta name=\"author\" content=\"Krzysztof Ko\u0142odziej\" \/>\n<meta name=\"twitter:card\" content=\"summary_large_image\" \/>\n<meta name=\"twitter:label1\" content=\"Napisane przez\" \/>\n\t<meta name=\"twitter:data1\" content=\"Krzysztof Ko\u0142odziej\" \/>\n\t<meta name=\"twitter:label2\" content=\"Szacowany czas czytania\" \/>\n\t<meta name=\"twitter:data2\" content=\"3 minuty\" \/>\n<script type=\"application\/ld+json\" class=\"yoast-schema-graph\">{\"@context\":\"https:\\\/\\\/schema.org\",\"@graph\":[{\"@type\":\"NewsArticle\",\"@id\":\"https:\\\/\\\/www.krzysztofkolodziej.com\\\/domkopernika\\\/technologia\\\/mlodzi-polscy-wynalazcy-z-innowacyjnymi-pomyslam\\\/#article\",\"isPartOf\":{\"@id\":\"https:\\\/\\\/www.krzysztofkolodziej.com\\\/domkopernika\\\/technologia\\\/mlodzi-polscy-wynalazcy-z-innowacyjnymi-pomyslam\\\/\"},\"author\":{\"name\":\"Krzysztof Ko\u0142odziej\",\"@id\":\"https:\\\/\\\/www.krzysztofkolodziej.com\\\/domkopernika\\\/#\\\/schema\\\/person\\\/875cb93c53b4270be43f471e7ed855ae\"},\"headline\":\"M\u0142odzi polscy wynalazcy z innowacyjnymi pomys\u0142am\",\"datePublished\":\"2024-12-05T13:22:53+00:00\",\"mainEntityOfPage\":{\"@id\":\"https:\\\/\\\/www.krzysztofkolodziej.com\\\/domkopernika\\\/technologia\\\/mlodzi-polscy-wynalazcy-z-innowacyjnymi-pomyslam\\\/\"},\"wordCount\":375,\"image\":{\"@id\":\"https:\\\/\\\/www.krzysztofkolodziej.com\\\/domkopernika\\\/technologia\\\/mlodzi-polscy-wynalazcy-z-innowacyjnymi-pomyslam\\\/#primaryimage\"},\"thumbnailUrl\":\"https:\\\/\\\/www.krzysztofkolodziej.com\\\/domkopernika\\\/wp-content\\\/uploads\\\/2024\\\/12\\\/617d6b1666bdfe6c3ae903a3874e6e6e-300x188-1.webp\",\"articleSection\":[\"Technologia\"],\"inLanguage\":\"pl-PL\"},{\"@type\":\"WebPage\",\"@id\":\"https:\\\/\\\/www.krzysztofkolodziej.com\\\/domkopernika\\\/technologia\\\/mlodzi-polscy-wynalazcy-z-innowacyjnymi-pomyslam\\\/\",\"url\":\"https:\\\/\\\/www.krzysztofkolodziej.com\\\/domkopernika\\\/technologia\\\/mlodzi-polscy-wynalazcy-z-innowacyjnymi-pomyslam\\\/\",\"name\":\"Dom Kopernika - M\u0142odzi polscy wynalazcy z innowacyjnymi pomys\u0142am\",\"isPartOf\":{\"@id\":\"https:\\\/\\\/www.krzysztofkolodziej.com\\\/domkopernika\\\/#website\"},\"primaryImageOfPage\":{\"@id\":\"https:\\\/\\\/www.krzysztofkolodziej.com\\\/domkopernika\\\/technologia\\\/mlodzi-polscy-wynalazcy-z-innowacyjnymi-pomyslam\\\/#primaryimage\"},\"image\":{\"@id\":\"https:\\\/\\\/www.krzysztofkolodziej.com\\\/domkopernika\\\/technologia\\\/mlodzi-polscy-wynalazcy-z-innowacyjnymi-pomyslam\\\/#primaryimage\"},\"thumbnailUrl\":\"https:\\\/\\\/www.krzysztofkolodziej.com\\\/domkopernika\\\/wp-content\\\/uploads\\\/2024\\\/12\\\/617d6b1666bdfe6c3ae903a3874e6e6e-300x188-1.webp\",\"datePublished\":\"2024-12-05T13:22:53+00:00\",\"author\":{\"@id\":\"https:\\\/\\\/www.krzysztofkolodziej.com\\\/domkopernika\\\/#\\\/schema\\\/person\\\/875cb93c53b4270be43f471e7ed855ae\"},\"breadcrumb\":{\"@id\":\"https:\\\/\\\/www.krzysztofkolodziej.com\\\/domkopernika\\\/technologia\\\/mlodzi-polscy-wynalazcy-z-innowacyjnymi-pomyslam\\\/#breadcrumb\"},\"inLanguage\":\"pl-PL\",\"potentialAction\":[{\"@type\":\"ReadAction\",\"target\":[\"https:\\\/\\\/www.krzysztofkolodziej.com\\\/domkopernika\\\/technologia\\\/mlodzi-polscy-wynalazcy-z-innowacyjnymi-pomyslam\\\/\"]}]},{\"@type\":\"ImageObject\",\"inLanguage\":\"pl-PL\",\"@id\":\"https:\\\/\\\/www.krzysztofkolodziej.com\\\/domkopernika\\\/technologia\\\/mlodzi-polscy-wynalazcy-z-innowacyjnymi-pomyslam\\\/#primaryimage\",\"url\":\"https:\\\/\\\/www.krzysztofkolodziej.com\\\/domkopernika\\\/wp-content\\\/uploads\\\/2024\\\/12\\\/617d6b1666bdfe6c3ae903a3874e6e6e-300x188-1.webp\",\"contentUrl\":\"https:\\\/\\\/www.krzysztofkolodziej.com\\\/domkopernika\\\/wp-content\\\/uploads\\\/2024\\\/12\\\/617d6b1666bdfe6c3ae903a3874e6e6e-300x188-1.webp\",\"width\":300,\"height\":188},{\"@type\":\"BreadcrumbList\",\"@id\":\"https:\\\/\\\/www.krzysztofkolodziej.com\\\/domkopernika\\\/technologia\\\/mlodzi-polscy-wynalazcy-z-innowacyjnymi-pomyslam\\\/#breadcrumb\",\"itemListElement\":[{\"@type\":\"ListItem\",\"position\":1,\"name\":\"Strona g\u0142\u00f3wna\",\"item\":\"https:\\\/\\\/www.krzysztofkolodziej.com\\\/domkopernika\\\/\"},{\"@type\":\"ListItem\",\"position\":2,\"name\":\"M\u0142odzi polscy wynalazcy z innowacyjnymi pomys\u0142am\"}]},{\"@type\":\"WebSite\",\"@id\":\"https:\\\/\\\/www.krzysztofkolodziej.com\\\/domkopernika\\\/#website\",\"url\":\"https:\\\/\\\/www.krzysztofkolodziej.com\\\/domkopernika\\\/\",\"name\":\"Dom Kopernika\",\"description\":\"\",\"potentialAction\":[{\"@type\":\"SearchAction\",\"target\":{\"@type\":\"EntryPoint\",\"urlTemplate\":\"https:\\\/\\\/www.krzysztofkolodziej.com\\\/domkopernika\\\/?s={search_term_string}\"},\"query-input\":{\"@type\":\"PropertyValueSpecification\",\"valueRequired\":true,\"valueName\":\"search_term_string\"}}],\"inLanguage\":\"pl-PL\"},{\"@type\":\"Person\",\"@id\":\"https:\\\/\\\/www.krzysztofkolodziej.com\\\/domkopernika\\\/#\\\/schema\\\/person\\\/875cb93c53b4270be43f471e7ed855ae\",\"name\":\"Krzysztof Ko\u0142odziej\",\"image\":{\"@type\":\"ImageObject\",\"inLanguage\":\"pl-PL\",\"@id\":\"https:\\\/\\\/secure.gravatar.com\\\/avatar\\\/fc642545621257206083f066631fe607f7feef26b40d4c54d8ce5bbd466fe17e?s=96&d=mm&r=g\",\"url\":\"https:\\\/\\\/secure.gravatar.com\\\/avatar\\\/fc642545621257206083f066631fe607f7feef26b40d4c54d8ce5bbd466fe17e?s=96&d=mm&r=g\",\"contentUrl\":\"https:\\\/\\\/secure.gravatar.com\\\/avatar\\\/fc642545621257206083f066631fe607f7feef26b40d4c54d8ce5bbd466fe17e?s=96&d=mm&r=g\",\"caption\":\"Krzysztof Ko\u0142odziej\"},\"url\":\"https:\\\/\\\/www.krzysztofkolodziej.com\\\/domkopernika\\\/author\\\/krzysztof-kolodziej\\\/\"}]}<\/script>\n<!-- \/ Yoast SEO plugin. -->","yoast_head_json":{"title":"Dom Kopernika - M\u0142odzi polscy wynalazcy z innowacyjnymi pomys\u0142am","robots":{"index":"noindex","follow":"follow"},"og_locale":"pl_PL","og_type":"article","og_title":"Dom Kopernika - M\u0142odzi polscy wynalazcy z innowacyjnymi pomys\u0142am","og_description":"Tegoroczny fina\u0142 konkursu \u201eM\u0142ody Wynalazca\u201d, organizowanego przez dziennik \u201eRzeczpospolita\u201d we wsp\u00f3\u0142pracy z Urz\u0119dem Patentowym RP, pokaza\u0142, \u017ce m\u0142ode polskie talenty technologiczne maj\u0105 ogromny potencja\u0142 do wprowadzania zmian, kt\u00f3re mog\u0105 poprawi\u0107&hellip;","og_url":"https:\/\/www.krzysztofkolodziej.com\/domkopernika\/technologia\/mlodzi-polscy-wynalazcy-z-innowacyjnymi-pomyslam\/","og_site_name":"Dom Kopernika","article_published_time":"2024-12-05T13:22:53+00:00","og_image":[{"width":300,"height":188,"url":"https:\/\/www.krzysztofkolodziej.com\/domkopernika\/wp-content\/uploads\/2024\/12\/617d6b1666bdfe6c3ae903a3874e6e6e-300x188-1.webp","type":"image\/webp"}],"author":"Krzysztof Ko\u0142odziej","twitter_card":"summary_large_image","twitter_misc":{"Napisane przez":"Krzysztof Ko\u0142odziej","Szacowany czas czytania":"3 minuty"},"schema":{"@context":"https:\/\/schema.org","@graph":[{"@type":"NewsArticle","@id":"https:\/\/www.krzysztofkolodziej.com\/domkopernika\/technologia\/mlodzi-polscy-wynalazcy-z-innowacyjnymi-pomyslam\/#article","isPartOf":{"@id":"https:\/\/www.krzysztofkolodziej.com\/domkopernika\/technologia\/mlodzi-polscy-wynalazcy-z-innowacyjnymi-pomyslam\/"},"author":{"name":"Krzysztof Ko\u0142odziej","@id":"https:\/\/www.krzysztofkolodziej.com\/domkopernika\/#\/schema\/person\/875cb93c53b4270be43f471e7ed855ae"},"headline":"M\u0142odzi polscy wynalazcy z innowacyjnymi pomys\u0142am","datePublished":"2024-12-05T13:22:53+00:00","mainEntityOfPage":{"@id":"https:\/\/www.krzysztofkolodziej.com\/domkopernika\/technologia\/mlodzi-polscy-wynalazcy-z-innowacyjnymi-pomyslam\/"},"wordCount":375,"image":{"@id":"https:\/\/www.krzysztofkolodziej.com\/domkopernika\/technologia\/mlodzi-polscy-wynalazcy-z-innowacyjnymi-pomyslam\/#primaryimage"},"thumbnailUrl":"https:\/\/www.krzysztofkolodziej.com\/domkopernika\/wp-content\/uploads\/2024\/12\/617d6b1666bdfe6c3ae903a3874e6e6e-300x188-1.webp","articleSection":["Technologia"],"inLanguage":"pl-PL"},{"@type":"WebPage","@id":"https:\/\/www.krzysztofkolodziej.com\/domkopernika\/technologia\/mlodzi-polscy-wynalazcy-z-innowacyjnymi-pomyslam\/","url":"https:\/\/www.krzysztofkolodziej.com\/domkopernika\/technologia\/mlodzi-polscy-wynalazcy-z-innowacyjnymi-pomyslam\/","name":"Dom Kopernika - M\u0142odzi polscy wynalazcy z innowacyjnymi pomys\u0142am","isPartOf":{"@id":"https:\/\/www.krzysztofkolodziej.com\/domkopernika\/#website"},"primaryImageOfPage":{"@id":"https:\/\/www.krzysztofkolodziej.com\/domkopernika\/technologia\/mlodzi-polscy-wynalazcy-z-innowacyjnymi-pomyslam\/#primaryimage"},"image":{"@id":"https:\/\/www.krzysztofkolodziej.com\/domkopernika\/technologia\/mlodzi-polscy-wynalazcy-z-innowacyjnymi-pomyslam\/#primaryimage"},"thumbnailUrl":"https:\/\/www.krzysztofkolodziej.com\/domkopernika\/wp-content\/uploads\/2024\/12\/617d6b1666bdfe6c3ae903a3874e6e6e-300x188-1.webp","datePublished":"2024-12-05T13:22:53+00:00","author":{"@id":"https:\/\/www.krzysztofkolodziej.com\/domkopernika\/#\/schema\/person\/875cb93c53b4270be43f471e7ed855ae"},"breadcrumb":{"@id":"https:\/\/www.krzysztofkolodziej.com\/domkopernika\/technologia\/mlodzi-polscy-wynalazcy-z-innowacyjnymi-pomyslam\/#breadcrumb"},"inLanguage":"pl-PL","potentialAction":[{"@type":"ReadAction","target":["https:\/\/www.krzysztofkolodziej.com\/domkopernika\/technologia\/mlodzi-polscy-wynalazcy-z-innowacyjnymi-pomyslam\/"]}]},{"@type":"ImageObject","inLanguage":"pl-PL","@id":"https:\/\/www.krzysztofkolodziej.com\/domkopernika\/technologia\/mlodzi-polscy-wynalazcy-z-innowacyjnymi-pomyslam\/#primaryimage","url":"https:\/\/www.krzysztofkolodziej.com\/domkopernika\/wp-content\/uploads\/2024\/12\/617d6b1666bdfe6c3ae903a3874e6e6e-300x188-1.webp","contentUrl":"https:\/\/www.krzysztofkolodziej.com\/domkopernika\/wp-content\/uploads\/2024\/12\/617d6b1666bdfe6c3ae903a3874e6e6e-300x188-1.webp","width":300,"height":188},{"@type":"BreadcrumbList","@id":"https:\/\/www.krzysztofkolodziej.com\/domkopernika\/technologia\/mlodzi-polscy-wynalazcy-z-innowacyjnymi-pomyslam\/#breadcrumb","itemListElement":[{"@type":"ListItem","position":1,"name":"Strona g\u0142\u00f3wna","item":"https:\/\/www.krzysztofkolodziej.com\/domkopernika\/"},{"@type":"ListItem","position":2,"name":"M\u0142odzi polscy wynalazcy z innowacyjnymi pomys\u0142am"}]},{"@type":"WebSite","@id":"https:\/\/www.krzysztofkolodziej.com\/domkopernika\/#website","url":"https:\/\/www.krzysztofkolodziej.com\/domkopernika\/","name":"Dom Kopernika","description":"","potentialAction":[{"@type":"SearchAction","target":{"@type":"EntryPoint","urlTemplate":"https:\/\/www.krzysztofkolodziej.com\/domkopernika\/?s={search_term_string}"},"query-input":{"@type":"PropertyValueSpecification","valueRequired":true,"valueName":"search_term_string"}}],"inLanguage":"pl-PL"},{"@type":"Person","@id":"https:\/\/www.krzysztofkolodziej.com\/domkopernika\/#\/schema\/person\/875cb93c53b4270be43f471e7ed855ae","name":"Krzysztof Ko\u0142odziej","image":{"@type":"ImageObject","inLanguage":"pl-PL","@id":"https:\/\/secure.gravatar.com\/avatar\/fc642545621257206083f066631fe607f7feef26b40d4c54d8ce5bbd466fe17e?s=96&d=mm&r=g","url":"https:\/\/secure.gravatar.com\/avatar\/fc642545621257206083f066631fe607f7feef26b40d4c54d8ce5bbd466fe17e?s=96&d=mm&r=g","contentUrl":"https:\/\/secure.gravatar.com\/avatar\/fc642545621257206083f066631fe607f7feef26b40d4c54d8ce5bbd466fe17e?s=96&d=mm&r=g","caption":"Krzysztof Ko\u0142odziej"},"url":"https:\/\/www.krzysztofkolodziej.com\/domkopernika\/author\/krzysztof-kolodziej\/"}]}},"_links":{"self":[{"href":"https:\/\/www.krzysztofkolodziej.com\/domkopernika\/wp-json\/wp\/v2\/posts\/36794","targetHints":{"allow":["GET"]}}],"collection":[{"href":"https:\/\/www.krzysztofkolodziej.com\/domkopernika\/wp-json\/wp\/v2\/posts"}],"about":[{"href":"https:\/\/www.krzysztofkolodziej.com\/domkopernika\/wp-json\/wp\/v2\/types\/post"}],"author":[{"embeddable":true,"href":"https:\/\/www.krzysztofkolodziej.com\/domkopernika\/wp-json\/wp\/v2\/users\/4"}],"replies":[{"embeddable":true,"href":"https:\/\/www.krzysztofkolodziej.com\/domkopernika\/wp-json\/wp\/v2\/comments?post=36794"}],"version-history":[{"count":2,"href":"https:\/\/www.krzysztofkolodziej.com\/domkopernika\/wp-json\/wp\/v2\/posts\/36794\/revisions"}],"predecessor-version":[{"id":36803,"href":"https:\/\/www.krzysztofkolodziej.com\/domkopernika\/wp-json\/wp\/v2\/posts\/36794\/revisions\/36803"}],"wp:featuredmedia":[{"embeddable":true,"href":"https:\/\/www.krzysztofkolodziej.com\/domkopernika\/wp-json\/wp\/v2\/media\/36795"}],"wp:attachment":[{"href":"https:\/\/www.krzysztofkolodziej.com\/domkopernika\/wp-json\/wp\/v2\/media?parent=36794"}],"wp:term":[{"taxonomy":"category","embeddable":true,"href":"https:\/\/www.krzysztofkolodziej.com\/domkopernika\/wp-json\/wp\/v2\/categories?post=36794"},{"taxonomy":"post_tag","embeddable":true,"href":"https:\/\/www.krzysztofkolodziej.com\/domkopernika\/wp-json\/wp\/v2\/tags?post=36794"}],"curies":[{"name":"wp","href":"https:\/\/api.w.org\/{rel}","templated":true}]}}