{"id":36789,"date":"2024-12-05T14:22:27","date_gmt":"2024-12-05T13:22:27","guid":{"rendered":"https:\/\/www.krzysztofkolodziej.com\/domkopernika\/?p=36789"},"modified":"2024-12-05T14:22:33","modified_gmt":"2024-12-05T13:22:33","slug":"transkontynentalna-demonstracja-na-konferencji-sc24","status":"publish","type":"post","link":"https:\/\/www.krzysztofkolodziej.com\/domkopernika\/technologia\/transkontynentalna-demonstracja-na-konferencji-sc24\/","title":{"rendered":"Transkontynentalna demonstracja na konferencji SC24"},"content":{"rendered":"<div id=\"bsf_rt_marker\"><\/div>\n<div class=\"elementor elementor-22320\" data-elementor-type=\"wp-post\" data-elementor-id=\"22320\" data-elementor-post-type=\"post\">\n<div class=\"elementor-element elementor-element-69c3c65b e-flex e-con-boxed e-con e-parent\" data-id=\"69c3c65b\" data-element_type=\"container\">\n<div class=\"e-con-inner\">\n<div class=\"elementor-element elementor-element-1a8ef04d elementor-widget elementor-widget-text-editor\" data-id=\"1a8ef04d\" data-element_type=\"widget\" data-widget_type=\"text-editor.default\">\n<div class=\"elementor-widget-container\">\n<p>Pozna\u0144skie Centrum Superkomputerowo-Sieciowe (PCSS) we wsp\u00f3\u0142pracy z mi\u0119dzynarodowymi partnerami przeprowadzi\u0142o pierwsz\u0105 na \u015bwiecie transkontynentaln\u0105 demonstracj\u0119 hybrydowych system\u00f3w obliczeniowych. Pokaz, kt\u00f3ry \u0142\u0105czy\u0142 technologie kwantowe i klasyczne, odby\u0142 si\u0119 na dw\u00f3ch stanowiskach w Polsce i USA, po\u0142\u0105czonych szyfrowanymi \u0142\u0105czami PQC\/QKD.<\/p>\n<p>Podczas zako\u0144czonej niedawno konferencji SC24 (17-22.11.2024 r.) w Atlancie, odby\u0142a si\u0119 pierwsza na \u015bwiecie demonstracja, wykorzystuj\u0105ca dwa kwantowo-klasyczne stanowiska testowe. Jeden ulokowany by\u0142 si\u0119 w Pozna\u0144skim Centrum Superkomputerowo-Sieciowym w Poznaniu, drugi na stoisku PCSS na konferencji w Atlancie. Stanowiska po\u0142\u0105czone by\u0142y za po\u015brednictwem infrastruktury sieci produkcyjnych PIONIER, G\u00c9ANT, SURF\/NetherLight, NEA3R, ESnet, Internet2, NA-REX, StarLight i SCinet.<\/p>\n<p>Celem prezentacji by\u0142o przedstawienie wielu przypadk\u00f3w integracji i wykorzystania hybrydowych oblicze\u0144 kwantowo-klasycznych QPU+CPU+GPU. Stanowiska testowe oblicze\u0144 kwantowo-klasycznych zlokalizowane na odleg\u0142ych ko\u0144cach \u2013 biuro PCSS i miejsce konferencji SC24 by\u0142y po\u0142\u0105czone dedykowanym klasycznym \u0142\u0105czem bezpo\u015brednim, kt\u00f3re dodatkowo jest zabezpieczone szyfrowaniem PQC i technologi\u0105 QKD. Na \u0142\u0105czu d\u0142ugodystansowym dane b szyfrowane za pomoc\u0105 algorytmu PQC, a lokalnie w biurze PCSS i SC24 za pomoc\u0105 kr\u00f3tkiego \u0142\u0105cza QKD.<\/p>\n<\/div>\n<\/div>\n<\/div>\n<\/div>\n<\/div>\n","protected":false},"excerpt":{"rendered":"<p>Pozna\u0144skie Centrum Superkomputerowo-Sieciowe (PCSS) we wsp\u00f3\u0142pracy z mi\u0119dzynarodowymi partnerami przeprowadzi\u0142o pierwsz\u0105 na \u015bwiecie transkontynentaln\u0105 demonstracj\u0119 hybrydowych system\u00f3w obliczeniowych. Pokaz, kt\u00f3ry \u0142\u0105czy\u0142 technologie kwantowe i klasyczne, odby\u0142 si\u0119 na dw\u00f3ch stanowiskach&hellip;<\/p>\n","protected":false},"author":4,"featured_media":36800,"comment_status":"closed","ping_status":"closed","sticky":false,"template":"","format":"standard","meta":{"footnotes":""},"categories":[315],"tags":[],"class_list":["post-36789","post","type-post","status-publish","format-standard","has-post-thumbnail","hentry","category-technologia"],"yoast_head":"<!-- This site is optimized with the Yoast SEO plugin v27.5 - https:\/\/yoast.com\/product\/yoast-seo-wordpress\/ -->\n<title>Dom Kopernika - Transkontynentalna demonstracja na konferencji SC24<\/title>\n<meta name=\"robots\" content=\"noindex, follow\" \/>\n<meta property=\"og:locale\" content=\"pl_PL\" \/>\n<meta property=\"og:type\" content=\"article\" \/>\n<meta property=\"og:title\" content=\"Dom Kopernika - Transkontynentalna demonstracja na konferencji SC24\" \/>\n<meta property=\"og:description\" content=\"Pozna\u0144skie Centrum Superkomputerowo-Sieciowe (PCSS) we wsp\u00f3\u0142pracy z mi\u0119dzynarodowymi partnerami przeprowadzi\u0142o pierwsz\u0105 na \u015bwiecie transkontynentaln\u0105 demonstracj\u0119 hybrydowych system\u00f3w obliczeniowych. Pokaz, kt\u00f3ry \u0142\u0105czy\u0142 technologie kwantowe i klasyczne, odby\u0142 si\u0119 na dw\u00f3ch stanowiskach&hellip;\" \/>\n<meta property=\"og:url\" content=\"https:\/\/www.krzysztofkolodziej.com\/domkopernika\/technologia\/transkontynentalna-demonstracja-na-konferencji-sc24\/\" \/>\n<meta property=\"og:site_name\" content=\"Dom Kopernika\" \/>\n<meta property=\"article:published_time\" content=\"2024-12-05T13:22:27+00:00\" \/>\n<meta property=\"article:modified_time\" content=\"2024-12-05T13:22:33+00:00\" \/>\n<meta property=\"og:image\" content=\"https:\/\/www.krzysztofkolodziej.com\/domkopernika\/wp-content\/uploads\/2024\/12\/Sc_24_03.jpeg\" \/>\n\t<meta property=\"og:image:width\" content=\"1200\" \/>\n\t<meta property=\"og:image:height\" content=\"675\" \/>\n\t<meta property=\"og:image:type\" content=\"image\/jpeg\" \/>\n<meta name=\"author\" content=\"Krzysztof Ko\u0142odziej\" \/>\n<meta name=\"twitter:card\" content=\"summary_large_image\" \/>\n<meta name=\"twitter:label1\" content=\"Napisane przez\" \/>\n\t<meta name=\"twitter:data1\" content=\"Krzysztof Ko\u0142odziej\" \/>\n\t<meta name=\"twitter:label2\" content=\"Szacowany czas czytania\" \/>\n\t<meta name=\"twitter:data2\" content=\"2 minuty\" \/>\n<script type=\"application\/ld+json\" class=\"yoast-schema-graph\">{\"@context\":\"https:\\\/\\\/schema.org\",\"@graph\":[{\"@type\":\"NewsArticle\",\"@id\":\"https:\\\/\\\/www.krzysztofkolodziej.com\\\/domkopernika\\\/technologia\\\/transkontynentalna-demonstracja-na-konferencji-sc24\\\/#article\",\"isPartOf\":{\"@id\":\"https:\\\/\\\/www.krzysztofkolodziej.com\\\/domkopernika\\\/technologia\\\/transkontynentalna-demonstracja-na-konferencji-sc24\\\/\"},\"author\":{\"name\":\"Krzysztof Ko\u0142odziej\",\"@id\":\"https:\\\/\\\/www.krzysztofkolodziej.com\\\/domkopernika\\\/#\\\/schema\\\/person\\\/875cb93c53b4270be43f471e7ed855ae\"},\"headline\":\"Transkontynentalna demonstracja na konferencji SC24\",\"datePublished\":\"2024-12-05T13:22:27+00:00\",\"dateModified\":\"2024-12-05T13:22:33+00:00\",\"mainEntityOfPage\":{\"@id\":\"https:\\\/\\\/www.krzysztofkolodziej.com\\\/domkopernika\\\/technologia\\\/transkontynentalna-demonstracja-na-konferencji-sc24\\\/\"},\"wordCount\":194,\"image\":{\"@id\":\"https:\\\/\\\/www.krzysztofkolodziej.com\\\/domkopernika\\\/technologia\\\/transkontynentalna-demonstracja-na-konferencji-sc24\\\/#primaryimage\"},\"thumbnailUrl\":\"https:\\\/\\\/www.krzysztofkolodziej.com\\\/domkopernika\\\/wp-content\\\/uploads\\\/2024\\\/12\\\/Sc_24_03.jpeg\",\"articleSection\":[\"Technologia\"],\"inLanguage\":\"pl-PL\"},{\"@type\":\"WebPage\",\"@id\":\"https:\\\/\\\/www.krzysztofkolodziej.com\\\/domkopernika\\\/technologia\\\/transkontynentalna-demonstracja-na-konferencji-sc24\\\/\",\"url\":\"https:\\\/\\\/www.krzysztofkolodziej.com\\\/domkopernika\\\/technologia\\\/transkontynentalna-demonstracja-na-konferencji-sc24\\\/\",\"name\":\"Dom Kopernika - Transkontynentalna demonstracja na konferencji SC24\",\"isPartOf\":{\"@id\":\"https:\\\/\\\/www.krzysztofkolodziej.com\\\/domkopernika\\\/#website\"},\"primaryImageOfPage\":{\"@id\":\"https:\\\/\\\/www.krzysztofkolodziej.com\\\/domkopernika\\\/technologia\\\/transkontynentalna-demonstracja-na-konferencji-sc24\\\/#primaryimage\"},\"image\":{\"@id\":\"https:\\\/\\\/www.krzysztofkolodziej.com\\\/domkopernika\\\/technologia\\\/transkontynentalna-demonstracja-na-konferencji-sc24\\\/#primaryimage\"},\"thumbnailUrl\":\"https:\\\/\\\/www.krzysztofkolodziej.com\\\/domkopernika\\\/wp-content\\\/uploads\\\/2024\\\/12\\\/Sc_24_03.jpeg\",\"datePublished\":\"2024-12-05T13:22:27+00:00\",\"dateModified\":\"2024-12-05T13:22:33+00:00\",\"author\":{\"@id\":\"https:\\\/\\\/www.krzysztofkolodziej.com\\\/domkopernika\\\/#\\\/schema\\\/person\\\/875cb93c53b4270be43f471e7ed855ae\"},\"breadcrumb\":{\"@id\":\"https:\\\/\\\/www.krzysztofkolodziej.com\\\/domkopernika\\\/technologia\\\/transkontynentalna-demonstracja-na-konferencji-sc24\\\/#breadcrumb\"},\"inLanguage\":\"pl-PL\",\"potentialAction\":[{\"@type\":\"ReadAction\",\"target\":[\"https:\\\/\\\/www.krzysztofkolodziej.com\\\/domkopernika\\\/technologia\\\/transkontynentalna-demonstracja-na-konferencji-sc24\\\/\"]}]},{\"@type\":\"ImageObject\",\"inLanguage\":\"pl-PL\",\"@id\":\"https:\\\/\\\/www.krzysztofkolodziej.com\\\/domkopernika\\\/technologia\\\/transkontynentalna-demonstracja-na-konferencji-sc24\\\/#primaryimage\",\"url\":\"https:\\\/\\\/www.krzysztofkolodziej.com\\\/domkopernika\\\/wp-content\\\/uploads\\\/2024\\\/12\\\/Sc_24_03.jpeg\",\"contentUrl\":\"https:\\\/\\\/www.krzysztofkolodziej.com\\\/domkopernika\\\/wp-content\\\/uploads\\\/2024\\\/12\\\/Sc_24_03.jpeg\",\"width\":1200,\"height\":675},{\"@type\":\"BreadcrumbList\",\"@id\":\"https:\\\/\\\/www.krzysztofkolodziej.com\\\/domkopernika\\\/technologia\\\/transkontynentalna-demonstracja-na-konferencji-sc24\\\/#breadcrumb\",\"itemListElement\":[{\"@type\":\"ListItem\",\"position\":1,\"name\":\"Strona g\u0142\u00f3wna\",\"item\":\"https:\\\/\\\/www.krzysztofkolodziej.com\\\/domkopernika\\\/\"},{\"@type\":\"ListItem\",\"position\":2,\"name\":\"Transkontynentalna demonstracja na konferencji SC24\"}]},{\"@type\":\"WebSite\",\"@id\":\"https:\\\/\\\/www.krzysztofkolodziej.com\\\/domkopernika\\\/#website\",\"url\":\"https:\\\/\\\/www.krzysztofkolodziej.com\\\/domkopernika\\\/\",\"name\":\"Dom Kopernika\",\"description\":\"\",\"potentialAction\":[{\"@type\":\"SearchAction\",\"target\":{\"@type\":\"EntryPoint\",\"urlTemplate\":\"https:\\\/\\\/www.krzysztofkolodziej.com\\\/domkopernika\\\/?s={search_term_string}\"},\"query-input\":{\"@type\":\"PropertyValueSpecification\",\"valueRequired\":true,\"valueName\":\"search_term_string\"}}],\"inLanguage\":\"pl-PL\"},{\"@type\":\"Person\",\"@id\":\"https:\\\/\\\/www.krzysztofkolodziej.com\\\/domkopernika\\\/#\\\/schema\\\/person\\\/875cb93c53b4270be43f471e7ed855ae\",\"name\":\"Krzysztof Ko\u0142odziej\",\"image\":{\"@type\":\"ImageObject\",\"inLanguage\":\"pl-PL\",\"@id\":\"https:\\\/\\\/secure.gravatar.com\\\/avatar\\\/fc642545621257206083f066631fe607f7feef26b40d4c54d8ce5bbd466fe17e?s=96&d=mm&r=g\",\"url\":\"https:\\\/\\\/secure.gravatar.com\\\/avatar\\\/fc642545621257206083f066631fe607f7feef26b40d4c54d8ce5bbd466fe17e?s=96&d=mm&r=g\",\"contentUrl\":\"https:\\\/\\\/secure.gravatar.com\\\/avatar\\\/fc642545621257206083f066631fe607f7feef26b40d4c54d8ce5bbd466fe17e?s=96&d=mm&r=g\",\"caption\":\"Krzysztof Ko\u0142odziej\"},\"url\":\"https:\\\/\\\/www.krzysztofkolodziej.com\\\/domkopernika\\\/author\\\/krzysztof-kolodziej\\\/\"}]}<\/script>\n<!-- \/ Yoast SEO plugin. -->","yoast_head_json":{"title":"Dom Kopernika - Transkontynentalna demonstracja na konferencji SC24","robots":{"index":"noindex","follow":"follow"},"og_locale":"pl_PL","og_type":"article","og_title":"Dom Kopernika - Transkontynentalna demonstracja na konferencji SC24","og_description":"Pozna\u0144skie Centrum Superkomputerowo-Sieciowe (PCSS) we wsp\u00f3\u0142pracy z mi\u0119dzynarodowymi partnerami przeprowadzi\u0142o pierwsz\u0105 na \u015bwiecie transkontynentaln\u0105 demonstracj\u0119 hybrydowych system\u00f3w obliczeniowych. Pokaz, kt\u00f3ry \u0142\u0105czy\u0142 technologie kwantowe i klasyczne, odby\u0142 si\u0119 na dw\u00f3ch stanowiskach&hellip;","og_url":"https:\/\/www.krzysztofkolodziej.com\/domkopernika\/technologia\/transkontynentalna-demonstracja-na-konferencji-sc24\/","og_site_name":"Dom Kopernika","article_published_time":"2024-12-05T13:22:27+00:00","article_modified_time":"2024-12-05T13:22:33+00:00","og_image":[{"width":1200,"height":675,"url":"https:\/\/www.krzysztofkolodziej.com\/domkopernika\/wp-content\/uploads\/2024\/12\/Sc_24_03.jpeg","type":"image\/jpeg"}],"author":"Krzysztof Ko\u0142odziej","twitter_card":"summary_large_image","twitter_misc":{"Napisane przez":"Krzysztof Ko\u0142odziej","Szacowany czas czytania":"2 minuty"},"schema":{"@context":"https:\/\/schema.org","@graph":[{"@type":"NewsArticle","@id":"https:\/\/www.krzysztofkolodziej.com\/domkopernika\/technologia\/transkontynentalna-demonstracja-na-konferencji-sc24\/#article","isPartOf":{"@id":"https:\/\/www.krzysztofkolodziej.com\/domkopernika\/technologia\/transkontynentalna-demonstracja-na-konferencji-sc24\/"},"author":{"name":"Krzysztof Ko\u0142odziej","@id":"https:\/\/www.krzysztofkolodziej.com\/domkopernika\/#\/schema\/person\/875cb93c53b4270be43f471e7ed855ae"},"headline":"Transkontynentalna demonstracja na konferencji SC24","datePublished":"2024-12-05T13:22:27+00:00","dateModified":"2024-12-05T13:22:33+00:00","mainEntityOfPage":{"@id":"https:\/\/www.krzysztofkolodziej.com\/domkopernika\/technologia\/transkontynentalna-demonstracja-na-konferencji-sc24\/"},"wordCount":194,"image":{"@id":"https:\/\/www.krzysztofkolodziej.com\/domkopernika\/technologia\/transkontynentalna-demonstracja-na-konferencji-sc24\/#primaryimage"},"thumbnailUrl":"https:\/\/www.krzysztofkolodziej.com\/domkopernika\/wp-content\/uploads\/2024\/12\/Sc_24_03.jpeg","articleSection":["Technologia"],"inLanguage":"pl-PL"},{"@type":"WebPage","@id":"https:\/\/www.krzysztofkolodziej.com\/domkopernika\/technologia\/transkontynentalna-demonstracja-na-konferencji-sc24\/","url":"https:\/\/www.krzysztofkolodziej.com\/domkopernika\/technologia\/transkontynentalna-demonstracja-na-konferencji-sc24\/","name":"Dom Kopernika - Transkontynentalna demonstracja na konferencji SC24","isPartOf":{"@id":"https:\/\/www.krzysztofkolodziej.com\/domkopernika\/#website"},"primaryImageOfPage":{"@id":"https:\/\/www.krzysztofkolodziej.com\/domkopernika\/technologia\/transkontynentalna-demonstracja-na-konferencji-sc24\/#primaryimage"},"image":{"@id":"https:\/\/www.krzysztofkolodziej.com\/domkopernika\/technologia\/transkontynentalna-demonstracja-na-konferencji-sc24\/#primaryimage"},"thumbnailUrl":"https:\/\/www.krzysztofkolodziej.com\/domkopernika\/wp-content\/uploads\/2024\/12\/Sc_24_03.jpeg","datePublished":"2024-12-05T13:22:27+00:00","dateModified":"2024-12-05T13:22:33+00:00","author":{"@id":"https:\/\/www.krzysztofkolodziej.com\/domkopernika\/#\/schema\/person\/875cb93c53b4270be43f471e7ed855ae"},"breadcrumb":{"@id":"https:\/\/www.krzysztofkolodziej.com\/domkopernika\/technologia\/transkontynentalna-demonstracja-na-konferencji-sc24\/#breadcrumb"},"inLanguage":"pl-PL","potentialAction":[{"@type":"ReadAction","target":["https:\/\/www.krzysztofkolodziej.com\/domkopernika\/technologia\/transkontynentalna-demonstracja-na-konferencji-sc24\/"]}]},{"@type":"ImageObject","inLanguage":"pl-PL","@id":"https:\/\/www.krzysztofkolodziej.com\/domkopernika\/technologia\/transkontynentalna-demonstracja-na-konferencji-sc24\/#primaryimage","url":"https:\/\/www.krzysztofkolodziej.com\/domkopernika\/wp-content\/uploads\/2024\/12\/Sc_24_03.jpeg","contentUrl":"https:\/\/www.krzysztofkolodziej.com\/domkopernika\/wp-content\/uploads\/2024\/12\/Sc_24_03.jpeg","width":1200,"height":675},{"@type":"BreadcrumbList","@id":"https:\/\/www.krzysztofkolodziej.com\/domkopernika\/technologia\/transkontynentalna-demonstracja-na-konferencji-sc24\/#breadcrumb","itemListElement":[{"@type":"ListItem","position":1,"name":"Strona g\u0142\u00f3wna","item":"https:\/\/www.krzysztofkolodziej.com\/domkopernika\/"},{"@type":"ListItem","position":2,"name":"Transkontynentalna demonstracja na konferencji SC24"}]},{"@type":"WebSite","@id":"https:\/\/www.krzysztofkolodziej.com\/domkopernika\/#website","url":"https:\/\/www.krzysztofkolodziej.com\/domkopernika\/","name":"Dom Kopernika","description":"","potentialAction":[{"@type":"SearchAction","target":{"@type":"EntryPoint","urlTemplate":"https:\/\/www.krzysztofkolodziej.com\/domkopernika\/?s={search_term_string}"},"query-input":{"@type":"PropertyValueSpecification","valueRequired":true,"valueName":"search_term_string"}}],"inLanguage":"pl-PL"},{"@type":"Person","@id":"https:\/\/www.krzysztofkolodziej.com\/domkopernika\/#\/schema\/person\/875cb93c53b4270be43f471e7ed855ae","name":"Krzysztof Ko\u0142odziej","image":{"@type":"ImageObject","inLanguage":"pl-PL","@id":"https:\/\/secure.gravatar.com\/avatar\/fc642545621257206083f066631fe607f7feef26b40d4c54d8ce5bbd466fe17e?s=96&d=mm&r=g","url":"https:\/\/secure.gravatar.com\/avatar\/fc642545621257206083f066631fe607f7feef26b40d4c54d8ce5bbd466fe17e?s=96&d=mm&r=g","contentUrl":"https:\/\/secure.gravatar.com\/avatar\/fc642545621257206083f066631fe607f7feef26b40d4c54d8ce5bbd466fe17e?s=96&d=mm&r=g","caption":"Krzysztof Ko\u0142odziej"},"url":"https:\/\/www.krzysztofkolodziej.com\/domkopernika\/author\/krzysztof-kolodziej\/"}]}},"_links":{"self":[{"href":"https:\/\/www.krzysztofkolodziej.com\/domkopernika\/wp-json\/wp\/v2\/posts\/36789","targetHints":{"allow":["GET"]}}],"collection":[{"href":"https:\/\/www.krzysztofkolodziej.com\/domkopernika\/wp-json\/wp\/v2\/posts"}],"about":[{"href":"https:\/\/www.krzysztofkolodziej.com\/domkopernika\/wp-json\/wp\/v2\/types\/post"}],"author":[{"embeddable":true,"href":"https:\/\/www.krzysztofkolodziej.com\/domkopernika\/wp-json\/wp\/v2\/users\/4"}],"replies":[{"embeddable":true,"href":"https:\/\/www.krzysztofkolodziej.com\/domkopernika\/wp-json\/wp\/v2\/comments?post=36789"}],"version-history":[{"count":3,"href":"https:\/\/www.krzysztofkolodziej.com\/domkopernika\/wp-json\/wp\/v2\/posts\/36789\/revisions"}],"predecessor-version":[{"id":36802,"href":"https:\/\/www.krzysztofkolodziej.com\/domkopernika\/wp-json\/wp\/v2\/posts\/36789\/revisions\/36802"}],"wp:featuredmedia":[{"embeddable":true,"href":"https:\/\/www.krzysztofkolodziej.com\/domkopernika\/wp-json\/wp\/v2\/media\/36800"}],"wp:attachment":[{"href":"https:\/\/www.krzysztofkolodziej.com\/domkopernika\/wp-json\/wp\/v2\/media?parent=36789"}],"wp:term":[{"taxonomy":"category","embeddable":true,"href":"https:\/\/www.krzysztofkolodziej.com\/domkopernika\/wp-json\/wp\/v2\/categories?post=36789"},{"taxonomy":"post_tag","embeddable":true,"href":"https:\/\/www.krzysztofkolodziej.com\/domkopernika\/wp-json\/wp\/v2\/tags?post=36789"}],"curies":[{"name":"wp","href":"https:\/\/api.w.org\/{rel}","templated":true}]}}