{"id":36751,"date":"2024-11-29T11:40:11","date_gmt":"2024-11-29T10:40:11","guid":{"rendered":"https:\/\/www.krzysztofkolodziej.com\/domkopernika\/?p=36751"},"modified":"2024-11-29T19:12:08","modified_gmt":"2024-11-29T18:12:08","slug":"zycie-neandertalczykow-odkrycie-pieca-sprzed-60-tysiecy-lat","status":"publish","type":"post","link":"https:\/\/www.krzysztofkolodziej.com\/domkopernika\/nauki-przyrodnicze\/zycie-neandertalczykow-odkrycie-pieca-sprzed-60-tysiecy-lat\/","title":{"rendered":"\u017bycie Neandertalczyk\u00f3w \u2013 odkrycie \u201epieca\u201d sprzed 60 tysi\u0119cy lat"},"content":{"rendered":"<div>\n<h4>\u201eFabryka smo\u0142y\u201d sprzed 60 tysi\u0119cy lat<\/h4>\n<p>W jaskini Vanguard, cz\u0119\u015bci kompleksu Gorham na Gibraltarze, odkryto struktur\u0119, kt\u00f3ra mog\u0142a s\u0142u\u017cy\u0107 neandertalczykom do produkcji smo\u0142y. Badania archeologiczne ujawni\u0142y, \u017ce znalezione palenisko to system technologiczny, wykorzystywany oko\u0142o 60 tysi\u0119cy lat temu. Konstrukcja sk\u0142ada\u0142a si\u0119 z p\u0142ytkiego do\u0142u z pionowymi \u015bcianami i dwoma kana\u0142ami, umo\u017cliwiaj\u0105cymi kontrolowan\u0105 piroliz\u0119 li\u015bci ro\u015blin z rodziny czystkowatych. Proces ten pozwala\u0142 na uzyskanie lepkiej substancji u\u017cywanej jako klej w narz\u0119dziach i broni.<\/p>\n<h4>Jak dzia\u0142a\u0142 system?<\/h4>\n<p>Naukowcy ustalili, \u017ce neandertalczycy wype\u0142niali d\u00f3\u0142 li\u015b\u0107mi czystkowatych, kt\u00f3re nast\u0119pnie uszczelniali mokrym piaskiem, by ograniczy\u0107 dost\u0119p tlenu. Na wierzchu uk\u0142adano drobne ga\u0142\u0105zki, kontroluj\u0105c temperatur\u0119 ognia, co by\u0142o kluczowe dla skutecznej pirolizy. Wsp\u00f3\u0142czesne eksperymenty pokaza\u0142y, \u017ce system ten pozwala\u0142 uzyska\u0107 wystarczaj\u0105c\u0105 ilo\u015b\u0107 smo\u0142y do wykonania dw\u00f3ch w\u0142\u00f3czni w ci\u0105gu czterech godzin. Niekt\u00f3re dowody sugeruj\u0105, \u017ce materia\u0142 m\u00f3g\u0142 by\u0107 te\u017c u\u017cywany do cel\u00f3w medycznych, jako wodoodporny \u015brodek lub nawet jako perfumy, co podkre\u015bla istot\u0119 tego odkrycia.<\/p>\n<figure id=\"attachment_22056\" class=\"wp-caption alignnone\" style=\"width: 774px;\" aria-describedby=\"caption-attachment-22056\"><img fetchpriority=\"high\" decoding=\"async\" class=\"wp-image-22056\" src=\"https:\/\/www.krzysztofkolodziej.com\/domkopernika\/wp-content\/uploads\/2024\/11\/xPaleniskoeandertalczykow1.jpg.pagespeed.ic_.2M72gk8Qap-300x202-1.webp\" sizes=\"(max-width: 774px) 100vw, 774px\" srcset=\"https:\/\/www.krzysztofkolodziej.com\/domkopernika\/wp-content\/uploads\/2024\/11\/xPaleniskoeandertalczykow1.jpg.pagespeed.ic_.2M72gk8Qap-300x202-1.webp 300w, https:\/\/www.sgmk.edu.pl\/wp-content\/uploads\/2024\/11\/xPaleniskoeandertalczykow1.jpg.pagespeed.ic_.2M72gk8Qap-768x517.webp 768w, https:\/\/www.sgmk.edu.pl\/wp-content\/uploads\/2024\/11\/xPaleniskoeandertalczykow1.jpg.pagespeed.ic_.2M72gk8Qap.webp 900w\" alt=\"\" width=\"774\" height=\"521\" \/><figcaption id=\"caption-attachment-22056\" class=\"wp-caption-text\">fot. \u00a0J Ochando\/Quaternary Science Reviews\/2024 (CC BY 4.0)<\/figcaption><\/figure>\n<h4>Znaczenie odkrycia<\/h4>\n<p>Badania wskazuj\u0105, \u017ce neandertalczycy byli zaawansowanymi technologicznie istotami, na co dowodzi fakt, \u017ce potrafili precyzyjnie kontrolowa\u0107 temperatur\u0119 potrzebn\u0105 do dzia\u0142ania pieca (oko\u0142o 150\u00b0C). Nie tylko zarz\u0105dzali ogniem, ale r\u00f3wnie\u017c planowali dzia\u0142ania i wsp\u00f3\u0142pracowali przy skomplikowanych zadaniach.<\/p>\n<p><em>\u0179r\u00f3d\u0142o: Quaternary Science Reviews, All That\u2019s Interesting, Archaeology Magazine \/ Fot. ok\u0142adka:\u00a0www.iflscience.com<\/em><\/p>\n<p>Artyku\u0142 <a href=\"https:\/\/www.sgmk.edu.pl\/zycie-neandertalczykow-odkrycie-pieca-sprzed-60-tysiecy-lat\/\">\u017bycie Neandertalczyk\u00f3w \u2013 odkrycie \u201epieca\u201d sprzed 60 tysi\u0119cy lat<\/a> pochodzi z serwisu <a href=\"https:\/\/www.sgmk.edu.pl\/\">Szko\u0142a G\u0142\u00f3wna Miko\u0142aja Kopernika<\/a>.<\/p>\n<\/div>\n","protected":false},"excerpt":{"rendered":"<p>\u201eFabryka smo\u0142y\u201d sprzed 60 tysi\u0119cy lat W jaskini Vanguard, cz\u0119\u015bci kompleksu Gorham na Gibraltarze, odkryto struktur\u0119, kt\u00f3ra mog\u0142a s\u0142u\u017cy\u0107 neandertalczykom do produkcji smo\u0142y. Badania archeologiczne ujawni\u0142y, \u017ce znalezione palenisko to&hellip;<\/p>\n","protected":false},"author":4,"featured_media":36755,"comment_status":"closed","ping_status":"closed","sticky":false,"template":"","format":"standard","meta":{"footnotes":""},"categories":[312],"tags":[],"class_list":["post-36751","post","type-post","status-publish","format-standard","has-post-thumbnail","hentry","category-nauki-przyrodnicze"],"yoast_head":"<!-- This site is optimized with the Yoast SEO plugin v27.5 - https:\/\/yoast.com\/product\/yoast-seo-wordpress\/ -->\n<title>Dom Kopernika - \u017bycie Neandertalczyk\u00f3w \u2013 odkrycie \u201epieca\u201d sprzed 60 tysi\u0119cy lat<\/title>\n<meta name=\"robots\" content=\"noindex, follow\" \/>\n<meta property=\"og:locale\" content=\"pl_PL\" \/>\n<meta property=\"og:type\" content=\"article\" \/>\n<meta property=\"og:title\" content=\"Dom Kopernika - \u017bycie Neandertalczyk\u00f3w \u2013 odkrycie \u201epieca\u201d sprzed 60 tysi\u0119cy lat\" \/>\n<meta property=\"og:description\" content=\"\u201eFabryka smo\u0142y\u201d sprzed 60 tysi\u0119cy lat W jaskini Vanguard, cz\u0119\u015bci kompleksu Gorham na Gibraltarze, odkryto struktur\u0119, kt\u00f3ra mog\u0142a s\u0142u\u017cy\u0107 neandertalczykom do produkcji smo\u0142y. Badania archeologiczne ujawni\u0142y, \u017ce znalezione palenisko to&hellip;\" \/>\n<meta property=\"og:url\" content=\"https:\/\/www.krzysztofkolodziej.com\/domkopernika\/nauki-przyrodnicze\/zycie-neandertalczykow-odkrycie-pieca-sprzed-60-tysiecy-lat\/\" \/>\n<meta property=\"og:site_name\" content=\"Dom Kopernika\" \/>\n<meta property=\"article:published_time\" content=\"2024-11-29T10:40:11+00:00\" \/>\n<meta property=\"article:modified_time\" content=\"2024-11-29T18:12:08+00:00\" \/>\n<meta property=\"og:image\" content=\"https:\/\/www.krzysztofkolodziej.com\/domkopernika\/wp-content\/uploads\/2024\/11\/vanguard-cave-meta.jpg\" \/>\n\t<meta property=\"og:image:width\" content=\"1200\" \/>\n\t<meta property=\"og:image:height\" content=\"680\" \/>\n\t<meta property=\"og:image:type\" content=\"image\/jpeg\" \/>\n<meta name=\"author\" content=\"Krzysztof Ko\u0142odziej\" \/>\n<meta name=\"twitter:card\" content=\"summary_large_image\" \/>\n<meta name=\"twitter:label1\" content=\"Napisane przez\" \/>\n\t<meta name=\"twitter:data1\" content=\"Krzysztof Ko\u0142odziej\" \/>\n\t<meta name=\"twitter:label2\" content=\"Szacowany czas czytania\" \/>\n\t<meta name=\"twitter:data2\" content=\"2 minuty\" \/>\n<script type=\"application\/ld+json\" class=\"yoast-schema-graph\">{\"@context\":\"https:\\\/\\\/schema.org\",\"@graph\":[{\"@type\":\"NewsArticle\",\"@id\":\"https:\\\/\\\/www.krzysztofkolodziej.com\\\/domkopernika\\\/nauki-przyrodnicze\\\/zycie-neandertalczykow-odkrycie-pieca-sprzed-60-tysiecy-lat\\\/#article\",\"isPartOf\":{\"@id\":\"https:\\\/\\\/www.krzysztofkolodziej.com\\\/domkopernika\\\/nauki-przyrodnicze\\\/zycie-neandertalczykow-odkrycie-pieca-sprzed-60-tysiecy-lat\\\/\"},\"author\":{\"name\":\"Krzysztof Ko\u0142odziej\",\"@id\":\"https:\\\/\\\/www.krzysztofkolodziej.com\\\/domkopernika\\\/#\\\/schema\\\/person\\\/875cb93c53b4270be43f471e7ed855ae\"},\"headline\":\"\u017bycie Neandertalczyk\u00f3w \u2013 odkrycie \u201epieca\u201d sprzed 60 tysi\u0119cy lat\",\"datePublished\":\"2024-11-29T10:40:11+00:00\",\"dateModified\":\"2024-11-29T18:12:08+00:00\",\"mainEntityOfPage\":{\"@id\":\"https:\\\/\\\/www.krzysztofkolodziej.com\\\/domkopernika\\\/nauki-przyrodnicze\\\/zycie-neandertalczykow-odkrycie-pieca-sprzed-60-tysiecy-lat\\\/\"},\"wordCount\":290,\"image\":{\"@id\":\"https:\\\/\\\/www.krzysztofkolodziej.com\\\/domkopernika\\\/nauki-przyrodnicze\\\/zycie-neandertalczykow-odkrycie-pieca-sprzed-60-tysiecy-lat\\\/#primaryimage\"},\"thumbnailUrl\":\"https:\\\/\\\/www.krzysztofkolodziej.com\\\/domkopernika\\\/wp-content\\\/uploads\\\/2024\\\/11\\\/vanguard-cave-meta.jpg\",\"articleSection\":[\"Nauki przyrodnicze\"],\"inLanguage\":\"pl-PL\"},{\"@type\":\"WebPage\",\"@id\":\"https:\\\/\\\/www.krzysztofkolodziej.com\\\/domkopernika\\\/nauki-przyrodnicze\\\/zycie-neandertalczykow-odkrycie-pieca-sprzed-60-tysiecy-lat\\\/\",\"url\":\"https:\\\/\\\/www.krzysztofkolodziej.com\\\/domkopernika\\\/nauki-przyrodnicze\\\/zycie-neandertalczykow-odkrycie-pieca-sprzed-60-tysiecy-lat\\\/\",\"name\":\"Dom Kopernika - \u017bycie Neandertalczyk\u00f3w \u2013 odkrycie \u201epieca\u201d sprzed 60 tysi\u0119cy lat\",\"isPartOf\":{\"@id\":\"https:\\\/\\\/www.krzysztofkolodziej.com\\\/domkopernika\\\/#website\"},\"primaryImageOfPage\":{\"@id\":\"https:\\\/\\\/www.krzysztofkolodziej.com\\\/domkopernika\\\/nauki-przyrodnicze\\\/zycie-neandertalczykow-odkrycie-pieca-sprzed-60-tysiecy-lat\\\/#primaryimage\"},\"image\":{\"@id\":\"https:\\\/\\\/www.krzysztofkolodziej.com\\\/domkopernika\\\/nauki-przyrodnicze\\\/zycie-neandertalczykow-odkrycie-pieca-sprzed-60-tysiecy-lat\\\/#primaryimage\"},\"thumbnailUrl\":\"https:\\\/\\\/www.krzysztofkolodziej.com\\\/domkopernika\\\/wp-content\\\/uploads\\\/2024\\\/11\\\/vanguard-cave-meta.jpg\",\"datePublished\":\"2024-11-29T10:40:11+00:00\",\"dateModified\":\"2024-11-29T18:12:08+00:00\",\"author\":{\"@id\":\"https:\\\/\\\/www.krzysztofkolodziej.com\\\/domkopernika\\\/#\\\/schema\\\/person\\\/875cb93c53b4270be43f471e7ed855ae\"},\"breadcrumb\":{\"@id\":\"https:\\\/\\\/www.krzysztofkolodziej.com\\\/domkopernika\\\/nauki-przyrodnicze\\\/zycie-neandertalczykow-odkrycie-pieca-sprzed-60-tysiecy-lat\\\/#breadcrumb\"},\"inLanguage\":\"pl-PL\",\"potentialAction\":[{\"@type\":\"ReadAction\",\"target\":[\"https:\\\/\\\/www.krzysztofkolodziej.com\\\/domkopernika\\\/nauki-przyrodnicze\\\/zycie-neandertalczykow-odkrycie-pieca-sprzed-60-tysiecy-lat\\\/\"]}]},{\"@type\":\"ImageObject\",\"inLanguage\":\"pl-PL\",\"@id\":\"https:\\\/\\\/www.krzysztofkolodziej.com\\\/domkopernika\\\/nauki-przyrodnicze\\\/zycie-neandertalczykow-odkrycie-pieca-sprzed-60-tysiecy-lat\\\/#primaryimage\",\"url\":\"https:\\\/\\\/www.krzysztofkolodziej.com\\\/domkopernika\\\/wp-content\\\/uploads\\\/2024\\\/11\\\/vanguard-cave-meta.jpg\",\"contentUrl\":\"https:\\\/\\\/www.krzysztofkolodziej.com\\\/domkopernika\\\/wp-content\\\/uploads\\\/2024\\\/11\\\/vanguard-cave-meta.jpg\",\"width\":1200,\"height\":680},{\"@type\":\"BreadcrumbList\",\"@id\":\"https:\\\/\\\/www.krzysztofkolodziej.com\\\/domkopernika\\\/nauki-przyrodnicze\\\/zycie-neandertalczykow-odkrycie-pieca-sprzed-60-tysiecy-lat\\\/#breadcrumb\",\"itemListElement\":[{\"@type\":\"ListItem\",\"position\":1,\"name\":\"Strona g\u0142\u00f3wna\",\"item\":\"https:\\\/\\\/www.krzysztofkolodziej.com\\\/domkopernika\\\/\"},{\"@type\":\"ListItem\",\"position\":2,\"name\":\"\u017bycie Neandertalczyk\u00f3w \u2013 odkrycie \u201epieca\u201d sprzed 60 tysi\u0119cy lat\"}]},{\"@type\":\"WebSite\",\"@id\":\"https:\\\/\\\/www.krzysztofkolodziej.com\\\/domkopernika\\\/#website\",\"url\":\"https:\\\/\\\/www.krzysztofkolodziej.com\\\/domkopernika\\\/\",\"name\":\"Dom Kopernika\",\"description\":\"\",\"potentialAction\":[{\"@type\":\"SearchAction\",\"target\":{\"@type\":\"EntryPoint\",\"urlTemplate\":\"https:\\\/\\\/www.krzysztofkolodziej.com\\\/domkopernika\\\/?s={search_term_string}\"},\"query-input\":{\"@type\":\"PropertyValueSpecification\",\"valueRequired\":true,\"valueName\":\"search_term_string\"}}],\"inLanguage\":\"pl-PL\"},{\"@type\":\"Person\",\"@id\":\"https:\\\/\\\/www.krzysztofkolodziej.com\\\/domkopernika\\\/#\\\/schema\\\/person\\\/875cb93c53b4270be43f471e7ed855ae\",\"name\":\"Krzysztof Ko\u0142odziej\",\"image\":{\"@type\":\"ImageObject\",\"inLanguage\":\"pl-PL\",\"@id\":\"https:\\\/\\\/secure.gravatar.com\\\/avatar\\\/fc642545621257206083f066631fe607f7feef26b40d4c54d8ce5bbd466fe17e?s=96&d=mm&r=g\",\"url\":\"https:\\\/\\\/secure.gravatar.com\\\/avatar\\\/fc642545621257206083f066631fe607f7feef26b40d4c54d8ce5bbd466fe17e?s=96&d=mm&r=g\",\"contentUrl\":\"https:\\\/\\\/secure.gravatar.com\\\/avatar\\\/fc642545621257206083f066631fe607f7feef26b40d4c54d8ce5bbd466fe17e?s=96&d=mm&r=g\",\"caption\":\"Krzysztof Ko\u0142odziej\"},\"url\":\"https:\\\/\\\/www.krzysztofkolodziej.com\\\/domkopernika\\\/author\\\/krzysztof-kolodziej\\\/\"}]}<\/script>\n<!-- \/ Yoast SEO plugin. -->","yoast_head_json":{"title":"Dom Kopernika - \u017bycie Neandertalczyk\u00f3w \u2013 odkrycie \u201epieca\u201d sprzed 60 tysi\u0119cy lat","robots":{"index":"noindex","follow":"follow"},"og_locale":"pl_PL","og_type":"article","og_title":"Dom Kopernika - \u017bycie Neandertalczyk\u00f3w \u2013 odkrycie \u201epieca\u201d sprzed 60 tysi\u0119cy lat","og_description":"\u201eFabryka smo\u0142y\u201d sprzed 60 tysi\u0119cy lat W jaskini Vanguard, cz\u0119\u015bci kompleksu Gorham na Gibraltarze, odkryto struktur\u0119, kt\u00f3ra mog\u0142a s\u0142u\u017cy\u0107 neandertalczykom do produkcji smo\u0142y. Badania archeologiczne ujawni\u0142y, \u017ce znalezione palenisko to&hellip;","og_url":"https:\/\/www.krzysztofkolodziej.com\/domkopernika\/nauki-przyrodnicze\/zycie-neandertalczykow-odkrycie-pieca-sprzed-60-tysiecy-lat\/","og_site_name":"Dom Kopernika","article_published_time":"2024-11-29T10:40:11+00:00","article_modified_time":"2024-11-29T18:12:08+00:00","og_image":[{"width":1200,"height":680,"url":"https:\/\/www.krzysztofkolodziej.com\/domkopernika\/wp-content\/uploads\/2024\/11\/vanguard-cave-meta.jpg","type":"image\/jpeg"}],"author":"Krzysztof Ko\u0142odziej","twitter_card":"summary_large_image","twitter_misc":{"Napisane przez":"Krzysztof Ko\u0142odziej","Szacowany czas czytania":"2 minuty"},"schema":{"@context":"https:\/\/schema.org","@graph":[{"@type":"NewsArticle","@id":"https:\/\/www.krzysztofkolodziej.com\/domkopernika\/nauki-przyrodnicze\/zycie-neandertalczykow-odkrycie-pieca-sprzed-60-tysiecy-lat\/#article","isPartOf":{"@id":"https:\/\/www.krzysztofkolodziej.com\/domkopernika\/nauki-przyrodnicze\/zycie-neandertalczykow-odkrycie-pieca-sprzed-60-tysiecy-lat\/"},"author":{"name":"Krzysztof Ko\u0142odziej","@id":"https:\/\/www.krzysztofkolodziej.com\/domkopernika\/#\/schema\/person\/875cb93c53b4270be43f471e7ed855ae"},"headline":"\u017bycie Neandertalczyk\u00f3w \u2013 odkrycie \u201epieca\u201d sprzed 60 tysi\u0119cy lat","datePublished":"2024-11-29T10:40:11+00:00","dateModified":"2024-11-29T18:12:08+00:00","mainEntityOfPage":{"@id":"https:\/\/www.krzysztofkolodziej.com\/domkopernika\/nauki-przyrodnicze\/zycie-neandertalczykow-odkrycie-pieca-sprzed-60-tysiecy-lat\/"},"wordCount":290,"image":{"@id":"https:\/\/www.krzysztofkolodziej.com\/domkopernika\/nauki-przyrodnicze\/zycie-neandertalczykow-odkrycie-pieca-sprzed-60-tysiecy-lat\/#primaryimage"},"thumbnailUrl":"https:\/\/www.krzysztofkolodziej.com\/domkopernika\/wp-content\/uploads\/2024\/11\/vanguard-cave-meta.jpg","articleSection":["Nauki przyrodnicze"],"inLanguage":"pl-PL"},{"@type":"WebPage","@id":"https:\/\/www.krzysztofkolodziej.com\/domkopernika\/nauki-przyrodnicze\/zycie-neandertalczykow-odkrycie-pieca-sprzed-60-tysiecy-lat\/","url":"https:\/\/www.krzysztofkolodziej.com\/domkopernika\/nauki-przyrodnicze\/zycie-neandertalczykow-odkrycie-pieca-sprzed-60-tysiecy-lat\/","name":"Dom Kopernika - \u017bycie Neandertalczyk\u00f3w \u2013 odkrycie \u201epieca\u201d sprzed 60 tysi\u0119cy lat","isPartOf":{"@id":"https:\/\/www.krzysztofkolodziej.com\/domkopernika\/#website"},"primaryImageOfPage":{"@id":"https:\/\/www.krzysztofkolodziej.com\/domkopernika\/nauki-przyrodnicze\/zycie-neandertalczykow-odkrycie-pieca-sprzed-60-tysiecy-lat\/#primaryimage"},"image":{"@id":"https:\/\/www.krzysztofkolodziej.com\/domkopernika\/nauki-przyrodnicze\/zycie-neandertalczykow-odkrycie-pieca-sprzed-60-tysiecy-lat\/#primaryimage"},"thumbnailUrl":"https:\/\/www.krzysztofkolodziej.com\/domkopernika\/wp-content\/uploads\/2024\/11\/vanguard-cave-meta.jpg","datePublished":"2024-11-29T10:40:11+00:00","dateModified":"2024-11-29T18:12:08+00:00","author":{"@id":"https:\/\/www.krzysztofkolodziej.com\/domkopernika\/#\/schema\/person\/875cb93c53b4270be43f471e7ed855ae"},"breadcrumb":{"@id":"https:\/\/www.krzysztofkolodziej.com\/domkopernika\/nauki-przyrodnicze\/zycie-neandertalczykow-odkrycie-pieca-sprzed-60-tysiecy-lat\/#breadcrumb"},"inLanguage":"pl-PL","potentialAction":[{"@type":"ReadAction","target":["https:\/\/www.krzysztofkolodziej.com\/domkopernika\/nauki-przyrodnicze\/zycie-neandertalczykow-odkrycie-pieca-sprzed-60-tysiecy-lat\/"]}]},{"@type":"ImageObject","inLanguage":"pl-PL","@id":"https:\/\/www.krzysztofkolodziej.com\/domkopernika\/nauki-przyrodnicze\/zycie-neandertalczykow-odkrycie-pieca-sprzed-60-tysiecy-lat\/#primaryimage","url":"https:\/\/www.krzysztofkolodziej.com\/domkopernika\/wp-content\/uploads\/2024\/11\/vanguard-cave-meta.jpg","contentUrl":"https:\/\/www.krzysztofkolodziej.com\/domkopernika\/wp-content\/uploads\/2024\/11\/vanguard-cave-meta.jpg","width":1200,"height":680},{"@type":"BreadcrumbList","@id":"https:\/\/www.krzysztofkolodziej.com\/domkopernika\/nauki-przyrodnicze\/zycie-neandertalczykow-odkrycie-pieca-sprzed-60-tysiecy-lat\/#breadcrumb","itemListElement":[{"@type":"ListItem","position":1,"name":"Strona g\u0142\u00f3wna","item":"https:\/\/www.krzysztofkolodziej.com\/domkopernika\/"},{"@type":"ListItem","position":2,"name":"\u017bycie Neandertalczyk\u00f3w \u2013 odkrycie \u201epieca\u201d sprzed 60 tysi\u0119cy lat"}]},{"@type":"WebSite","@id":"https:\/\/www.krzysztofkolodziej.com\/domkopernika\/#website","url":"https:\/\/www.krzysztofkolodziej.com\/domkopernika\/","name":"Dom Kopernika","description":"","potentialAction":[{"@type":"SearchAction","target":{"@type":"EntryPoint","urlTemplate":"https:\/\/www.krzysztofkolodziej.com\/domkopernika\/?s={search_term_string}"},"query-input":{"@type":"PropertyValueSpecification","valueRequired":true,"valueName":"search_term_string"}}],"inLanguage":"pl-PL"},{"@type":"Person","@id":"https:\/\/www.krzysztofkolodziej.com\/domkopernika\/#\/schema\/person\/875cb93c53b4270be43f471e7ed855ae","name":"Krzysztof Ko\u0142odziej","image":{"@type":"ImageObject","inLanguage":"pl-PL","@id":"https:\/\/secure.gravatar.com\/avatar\/fc642545621257206083f066631fe607f7feef26b40d4c54d8ce5bbd466fe17e?s=96&d=mm&r=g","url":"https:\/\/secure.gravatar.com\/avatar\/fc642545621257206083f066631fe607f7feef26b40d4c54d8ce5bbd466fe17e?s=96&d=mm&r=g","contentUrl":"https:\/\/secure.gravatar.com\/avatar\/fc642545621257206083f066631fe607f7feef26b40d4c54d8ce5bbd466fe17e?s=96&d=mm&r=g","caption":"Krzysztof Ko\u0142odziej"},"url":"https:\/\/www.krzysztofkolodziej.com\/domkopernika\/author\/krzysztof-kolodziej\/"}]}},"_links":{"self":[{"href":"https:\/\/www.krzysztofkolodziej.com\/domkopernika\/wp-json\/wp\/v2\/posts\/36751","targetHints":{"allow":["GET"]}}],"collection":[{"href":"https:\/\/www.krzysztofkolodziej.com\/domkopernika\/wp-json\/wp\/v2\/posts"}],"about":[{"href":"https:\/\/www.krzysztofkolodziej.com\/domkopernika\/wp-json\/wp\/v2\/types\/post"}],"author":[{"embeddable":true,"href":"https:\/\/www.krzysztofkolodziej.com\/domkopernika\/wp-json\/wp\/v2\/users\/4"}],"replies":[{"embeddable":true,"href":"https:\/\/www.krzysztofkolodziej.com\/domkopernika\/wp-json\/wp\/v2\/comments?post=36751"}],"version-history":[{"count":1,"href":"https:\/\/www.krzysztofkolodziej.com\/domkopernika\/wp-json\/wp\/v2\/posts\/36751\/revisions"}],"predecessor-version":[{"id":36756,"href":"https:\/\/www.krzysztofkolodziej.com\/domkopernika\/wp-json\/wp\/v2\/posts\/36751\/revisions\/36756"}],"wp:featuredmedia":[{"embeddable":true,"href":"https:\/\/www.krzysztofkolodziej.com\/domkopernika\/wp-json\/wp\/v2\/media\/36755"}],"wp:attachment":[{"href":"https:\/\/www.krzysztofkolodziej.com\/domkopernika\/wp-json\/wp\/v2\/media?parent=36751"}],"wp:term":[{"taxonomy":"category","embeddable":true,"href":"https:\/\/www.krzysztofkolodziej.com\/domkopernika\/wp-json\/wp\/v2\/categories?post=36751"},{"taxonomy":"post_tag","embeddable":true,"href":"https:\/\/www.krzysztofkolodziej.com\/domkopernika\/wp-json\/wp\/v2\/tags?post=36751"}],"curies":[{"name":"wp","href":"https:\/\/api.w.org\/{rel}","templated":true}]}}