{"id":36743,"date":"2024-11-29T09:53:24","date_gmt":"2024-11-29T08:53:24","guid":{"rendered":"https:\/\/www.krzysztofkolodziej.com\/domkopernika\/?p=36743"},"modified":"2024-11-29T19:12:08","modified_gmt":"2024-11-29T18:12:08","slug":"trwa-rekrutacja-uczestnikow-48-wyprawy-polarnej-do-polskiej-stacji-polarnej-hornsund-na-spitsbergenie","status":"publish","type":"post","link":"https:\/\/www.krzysztofkolodziej.com\/domkopernika\/nauki-przyrodnicze\/trwa-rekrutacja-uczestnikow-48-wyprawy-polarnej-do-polskiej-stacji-polarnej-hornsund-na-spitsbergenie\/","title":{"rendered":"Trwa rekrutacja uczestnik\u00f3w 48. Wyprawy Polarnej do Polskiej Stacji Polarnej Hornsund na Spitsbergenie"},"content":{"rendered":"<div>\n<div id=\"bsf_rt_marker\"><\/div>\n<p>Instytut Geofizyki Polskiej Akademii Nauk (IGF PAN) og\u0142osi\u0142 rekrutacj\u0119 na 48. wypraw\u0119 polarn\u0105 do Polskiej Stacji Polarnej Hornsund. Kandydaci zainteresowan\u0105 t\u0105 wyj\u0105tkow\u0105 ofert\u0105 ju\u017c teraz mog\u0105 wysy\u0142a\u0107 swoje CV. Poszukiwani s\u0105 nie tylko meteorolodzy czy badaczy, ale tak\u017ce lekarz, konserwator oraz informatyk.<\/p>\n<p><strong>Wyprawa na Spistsbergen: grupa zimuj\u0105ca i letnia<\/strong><\/p>\n<p><a href=\"https:\/\/www.igf.edu.pl\/kariera.php?fbclid=IwY2xjawG2SGBleHRuA2FlbQIxMAABHVT4LokY3jrDg-fG6iZP79gdi6cQJmYMgbPEah0YzouinRYEQJNiTp1dUQ_aem_MH_xBemmWcz94VR3kaF46A#acordeon-item-763\">W opublikowanym na stronie Instytut Geofizyki Polskiej Akademii Nauk og\u0142oszeniu<\/a> mo\u017cna\u00a0zapozna\u0107 si\u0119 ze szczeg\u00f3\u0142ami na temat potrzebnych do pracy os\u00f3b.<\/p>\n<p>W ramach grupy zimuj\u0105cej, kt\u00f3rej wyprawa dotyczy pobytu na okres czerwiec 2025 r. \u2013 lipiec 2026 r. poszukiwani s\u0105:<\/p>\n<ul>\n<li>Meteorolog\u00a0(3 stanowiska) w szczeg\u00f3lno\u015bci z do\u015bwiadczeniem w s\u0142u\u017cbie meteorologicznej\u00a0IMGW;<\/li>\n<li>Specjalista ds. monitoringu \u015brodowiska \/ oceanograf-hydrolog\u00a0z patentem sternika motorowodnego i z do\u015bwiadczeniem w p\u0142ywaniu na \u0142odziach i pontonach typu RIB w warunkach morskich;<\/li>\n<li>Geofizyk-elektronik\u00a0z do\u015bwiadczeniem w dziedzinach elektroniki i geofizyki;<\/li>\n<li>Informatyk\u00a0z do\u015bwiadczeniem w zakresie administrowania systemami Linux i Windows, teleinformatyki i \u0142\u0105czno\u015bci satelitarnej;<\/li>\n<li>Mechanik\u00a0z umiej\u0119tno\u015bci\u0105 obs\u0142ugi agregat\u00f3w pr\u0105dotw\u00f3rczych i silnik\u00f3w wysokopr\u0119\u017cnych;<\/li>\n<li>Konserwator\u00a0z do\u015bwiadczeniem w zakresie rob\u00f3t og\u00f3lnobudowlanych oraz napraw i konserwacji instalacji sanitarnych, elektrycznych i konstrukcyjnych.<\/li>\n<\/ul>\n<figure id=\"attachment_22044\" class=\"wp-caption alignnone\" style=\"width: 1024px;\" aria-describedby=\"caption-attachment-22044\"><img fetchpriority=\"high\" decoding=\"async\" class=\"size-large wp-image-22044\" src=\"https:\/\/www.krzysztofkolodziej.com\/domkopernika\/wp-content\/uploads\/2024\/11\/464189446_1016191640311656_4475455872803977008_n-1024x768-1.jpg\" sizes=\"(max-width: 1024px) 100vw, 1024px\" srcset=\"https:\/\/www.krzysztofkolodziej.com\/domkopernika\/wp-content\/uploads\/2024\/11\/464189446_1016191640311656_4475455872803977008_n-1024x768-1.jpg 1024w, https:\/\/www.sgmk.edu.pl\/wp-content\/uploads\/2024\/11\/464189446_1016191640311656_4475455872803977008_n-300x225.jpg 300w, https:\/\/www.sgmk.edu.pl\/wp-content\/uploads\/2024\/11\/464189446_1016191640311656_4475455872803977008_n-768x576.jpg 768w, https:\/\/www.sgmk.edu.pl\/wp-content\/uploads\/2024\/11\/464189446_1016191640311656_4475455872803977008_n-1536x1152.jpg 1536w, https:\/\/www.sgmk.edu.pl\/wp-content\/uploads\/2024\/11\/464189446_1016191640311656_4475455872803977008_n.jpg 2048w\" alt=\"\" width=\"1024\" height=\"768\" \/><figcaption id=\"caption-attachment-22044\" class=\"wp-caption-text\">Fot.: Instytut Geofizyki PAN<\/figcaption><\/figure>\n<p>W ramach grupy letniej, kt\u00f3rej wyprawa dotyczy pobytu na stacji w okresie kwiecie\u0144 lub czerwiec 2025 r. \u2013 wrzesie\u0144 lub pa\u017adziernik 2025 r., poszukiwani s\u0105:<\/p>\n<ul>\n<li>Pracownik techniczny\u00a0(2 stanowiska) z umiej\u0119tno\u015bciami w zakresie elektryki, rob\u00f3t og\u00f3lnobudowlanych i hydrauliki. Atutem b\u0119dzie posiadanie wszelkiego rodzaju uprawnie\u0144 zwi\u0105zanych z obs\u0142ug\u0105 instalacji elektrycznych (SEP), urz\u0105dze\u0144 mechanicznych (np. d\u017awig\u00f3w HDS, ci\u0105gnik\u00f3w, agregat\u00f3w pr\u0105dotw\u00f3rczych, transporter\u00f3w PTS) oraz uprawnie\u0144 spawalniczych;<\/li>\n<li>Administrator \/ Asystent terenowy\u00a0z do\u015bwiadczeniem terenowym g\u00f3rskim, do\u015bwiadczeniem w zakresie obs\u0142ugi ruchu turystycznego oraz znajomo\u015bci\u0105 j\u0119zyka angielskiego; wiedz\u0105 o podstawowych pomiarach \u015brodowiskowych (np.: pomiar przep\u0142ywy w rzekach, pob\u00f3r pr\u00f3b do analiz);<\/li>\n<li>Kucharz i asystent kucharza\u00a0z praktyk\u0105 w \u017cywieniu zbiorowym.<\/li>\n<\/ul>\n<figure id=\"attachment_22043\" class=\"wp-caption alignnone\" style=\"width: 768px;\" aria-describedby=\"caption-attachment-22043\"><img decoding=\"async\" class=\"size-large wp-image-22043\" src=\"https:\/\/www.krzysztofkolodziej.com\/domkopernika\/wp-content\/uploads\/2024\/11\/464199418_1016191803644973_4567793663915633116_n-768x1024-1.jpg\" sizes=\"(max-width: 768px) 100vw, 768px\" srcset=\"https:\/\/www.krzysztofkolodziej.com\/domkopernika\/wp-content\/uploads\/2024\/11\/464199418_1016191803644973_4567793663915633116_n-768x1024-1.jpg 768w, https:\/\/www.sgmk.edu.pl\/wp-content\/uploads\/2024\/11\/464199418_1016191803644973_4567793663915633116_n-225x300.jpg 225w, https:\/\/www.sgmk.edu.pl\/wp-content\/uploads\/2024\/11\/464199418_1016191803644973_4567793663915633116_n-1152x1536.jpg 1152w, https:\/\/www.sgmk.edu.pl\/wp-content\/uploads\/2024\/11\/464199418_1016191803644973_4567793663915633116_n.jpg 1536w\" alt=\"\" width=\"768\" height=\"1024\" \/><figcaption id=\"caption-attachment-22043\" class=\"wp-caption-text\">Fot.: Instytut Geofizyki PAN<\/figcaption><\/figure>\n<p><strong>Jak do\u0142\u0105czy\u0107 do wyprawy polarnej?<\/strong><\/p>\n<p>Aby zosta\u0107 cz\u0142onkiem 48. Wyprawy Polarnej IGF PAN trzeba wys\u0142a\u0107 zg\u0142oszenie ze wskazaniem wybranego stanowiska na\u00a0podany w\u00a0<a href=\"https:\/\/www.igf.edu.pl\/kariera.php?news_id=763#acordeon-item-763\">og\u0142oszeniu<\/a>\u00a0adres\u00a0mailowy.\u00a0Mail powinien zawiera\u0107 CV, list motywacyjny i o\u015bwiadczenie o\u00a0niefigurowaniu w Krajowym Rejestrze Karnym.\u00a0Zg\u0142oszenia przyjmowane s\u0105 do 18 grudnia br.<\/p>\n<p>Artyku\u0142 <a href=\"https:\/\/www.sgmk.edu.pl\/trwa-rekrutacja-uczestnikow-48-wyprawy-polarnej-do-polskiej-stacji-polarnej-hornsund-na-spitsbergenie\/\">Trwa rekrutacja uczestnik\u00f3w 48. Wyprawy Polarnej do Polskiej Stacji Polarnej Hornsund na Spitsbergenie<\/a> pochodzi z serwisu <a href=\"https:\/\/www.sgmk.edu.pl\/\">Szko\u0142a G\u0142\u00f3wna Miko\u0142aja Kopernika<\/a>.<\/p>\n<\/div>\n","protected":false},"excerpt":{"rendered":"<p>Instytut Geofizyki Polskiej Akademii Nauk (IGF PAN) og\u0142osi\u0142 rekrutacj\u0119 na 48. wypraw\u0119 polarn\u0105 do Polskiej Stacji Polarnej Hornsund. Kandydaci zainteresowan\u0105 t\u0105 wyj\u0105tkow\u0105 ofert\u0105 ju\u017c teraz mog\u0105 wysy\u0142a\u0107 swoje CV. Poszukiwani&hellip;<\/p>\n","protected":false},"author":4,"featured_media":36744,"comment_status":"closed","ping_status":"closed","sticky":false,"template":"","format":"standard","meta":{"footnotes":""},"categories":[312],"tags":[],"class_list":["post-36743","post","type-post","status-publish","format-standard","has-post-thumbnail","hentry","category-nauki-przyrodnicze"],"yoast_head":"<!-- This site is optimized with the Yoast SEO plugin v27.5 - https:\/\/yoast.com\/product\/yoast-seo-wordpress\/ -->\n<title>Dom Kopernika - Trwa rekrutacja uczestnik\u00f3w 48. Wyprawy Polarnej do Polskiej Stacji Polarnej Hornsund na Spitsbergenie<\/title>\n<meta name=\"robots\" content=\"noindex, follow\" \/>\n<meta property=\"og:locale\" content=\"pl_PL\" \/>\n<meta property=\"og:type\" content=\"article\" \/>\n<meta property=\"og:title\" content=\"Dom Kopernika - Trwa rekrutacja uczestnik\u00f3w 48. Wyprawy Polarnej do Polskiej Stacji Polarnej Hornsund na Spitsbergenie\" \/>\n<meta property=\"og:description\" content=\"Instytut Geofizyki Polskiej Akademii Nauk (IGF PAN) og\u0142osi\u0142 rekrutacj\u0119 na 48. wypraw\u0119 polarn\u0105 do Polskiej Stacji Polarnej Hornsund. Kandydaci zainteresowan\u0105 t\u0105 wyj\u0105tkow\u0105 ofert\u0105 ju\u017c teraz mog\u0105 wysy\u0142a\u0107 swoje CV. Poszukiwani&hellip;\" \/>\n<meta property=\"og:url\" content=\"https:\/\/www.krzysztofkolodziej.com\/domkopernika\/nauki-przyrodnicze\/trwa-rekrutacja-uczestnikow-48-wyprawy-polarnej-do-polskiej-stacji-polarnej-hornsund-na-spitsbergenie\/\" \/>\n<meta property=\"og:site_name\" content=\"Dom Kopernika\" \/>\n<meta property=\"article:published_time\" content=\"2024-11-29T08:53:24+00:00\" \/>\n<meta property=\"article:modified_time\" content=\"2024-11-29T18:12:08+00:00\" \/>\n<meta property=\"og:image\" content=\"https:\/\/www.krzysztofkolodziej.com\/domkopernika\/wp-content\/uploads\/2024\/11\/464189446_1016191640311656_4475455872803977008_n-1024x768-1.jpg\" \/>\n\t<meta property=\"og:image:width\" content=\"1024\" \/>\n\t<meta property=\"og:image:height\" content=\"768\" \/>\n\t<meta property=\"og:image:type\" content=\"image\/jpeg\" \/>\n<meta name=\"author\" content=\"Krzysztof Ko\u0142odziej\" \/>\n<meta name=\"twitter:card\" content=\"summary_large_image\" \/>\n<meta name=\"twitter:label1\" content=\"Napisane przez\" \/>\n\t<meta name=\"twitter:data1\" content=\"Krzysztof Ko\u0142odziej\" \/>\n\t<meta name=\"twitter:label2\" content=\"Szacowany czas czytania\" \/>\n\t<meta name=\"twitter:data2\" content=\"3 minuty\" \/>\n<script type=\"application\/ld+json\" class=\"yoast-schema-graph\">{\"@context\":\"https:\\\/\\\/schema.org\",\"@graph\":[{\"@type\":\"NewsArticle\",\"@id\":\"https:\\\/\\\/www.krzysztofkolodziej.com\\\/domkopernika\\\/nauki-przyrodnicze\\\/trwa-rekrutacja-uczestnikow-48-wyprawy-polarnej-do-polskiej-stacji-polarnej-hornsund-na-spitsbergenie\\\/#article\",\"isPartOf\":{\"@id\":\"https:\\\/\\\/www.krzysztofkolodziej.com\\\/domkopernika\\\/nauki-przyrodnicze\\\/trwa-rekrutacja-uczestnikow-48-wyprawy-polarnej-do-polskiej-stacji-polarnej-hornsund-na-spitsbergenie\\\/\"},\"author\":{\"name\":\"Krzysztof Ko\u0142odziej\",\"@id\":\"https:\\\/\\\/www.krzysztofkolodziej.com\\\/domkopernika\\\/#\\\/schema\\\/person\\\/875cb93c53b4270be43f471e7ed855ae\"},\"headline\":\"Trwa rekrutacja uczestnik\u00f3w 48. Wyprawy Polarnej do Polskiej Stacji Polarnej Hornsund na Spitsbergenie\",\"datePublished\":\"2024-11-29T08:53:24+00:00\",\"dateModified\":\"2024-11-29T18:12:08+00:00\",\"mainEntityOfPage\":{\"@id\":\"https:\\\/\\\/www.krzysztofkolodziej.com\\\/domkopernika\\\/nauki-przyrodnicze\\\/trwa-rekrutacja-uczestnikow-48-wyprawy-polarnej-do-polskiej-stacji-polarnej-hornsund-na-spitsbergenie\\\/\"},\"wordCount\":420,\"image\":{\"@id\":\"https:\\\/\\\/www.krzysztofkolodziej.com\\\/domkopernika\\\/nauki-przyrodnicze\\\/trwa-rekrutacja-uczestnikow-48-wyprawy-polarnej-do-polskiej-stacji-polarnej-hornsund-na-spitsbergenie\\\/#primaryimage\"},\"thumbnailUrl\":\"https:\\\/\\\/www.krzysztofkolodziej.com\\\/domkopernika\\\/wp-content\\\/uploads\\\/2024\\\/11\\\/464189446_1016191640311656_4475455872803977008_n-1024x768-1.jpg\",\"articleSection\":[\"Nauki przyrodnicze\"],\"inLanguage\":\"pl-PL\"},{\"@type\":\"WebPage\",\"@id\":\"https:\\\/\\\/www.krzysztofkolodziej.com\\\/domkopernika\\\/nauki-przyrodnicze\\\/trwa-rekrutacja-uczestnikow-48-wyprawy-polarnej-do-polskiej-stacji-polarnej-hornsund-na-spitsbergenie\\\/\",\"url\":\"https:\\\/\\\/www.krzysztofkolodziej.com\\\/domkopernika\\\/nauki-przyrodnicze\\\/trwa-rekrutacja-uczestnikow-48-wyprawy-polarnej-do-polskiej-stacji-polarnej-hornsund-na-spitsbergenie\\\/\",\"name\":\"Dom Kopernika - Trwa rekrutacja uczestnik\u00f3w 48. Wyprawy Polarnej do Polskiej Stacji Polarnej Hornsund na Spitsbergenie\",\"isPartOf\":{\"@id\":\"https:\\\/\\\/www.krzysztofkolodziej.com\\\/domkopernika\\\/#website\"},\"primaryImageOfPage\":{\"@id\":\"https:\\\/\\\/www.krzysztofkolodziej.com\\\/domkopernika\\\/nauki-przyrodnicze\\\/trwa-rekrutacja-uczestnikow-48-wyprawy-polarnej-do-polskiej-stacji-polarnej-hornsund-na-spitsbergenie\\\/#primaryimage\"},\"image\":{\"@id\":\"https:\\\/\\\/www.krzysztofkolodziej.com\\\/domkopernika\\\/nauki-przyrodnicze\\\/trwa-rekrutacja-uczestnikow-48-wyprawy-polarnej-do-polskiej-stacji-polarnej-hornsund-na-spitsbergenie\\\/#primaryimage\"},\"thumbnailUrl\":\"https:\\\/\\\/www.krzysztofkolodziej.com\\\/domkopernika\\\/wp-content\\\/uploads\\\/2024\\\/11\\\/464189446_1016191640311656_4475455872803977008_n-1024x768-1.jpg\",\"datePublished\":\"2024-11-29T08:53:24+00:00\",\"dateModified\":\"2024-11-29T18:12:08+00:00\",\"author\":{\"@id\":\"https:\\\/\\\/www.krzysztofkolodziej.com\\\/domkopernika\\\/#\\\/schema\\\/person\\\/875cb93c53b4270be43f471e7ed855ae\"},\"breadcrumb\":{\"@id\":\"https:\\\/\\\/www.krzysztofkolodziej.com\\\/domkopernika\\\/nauki-przyrodnicze\\\/trwa-rekrutacja-uczestnikow-48-wyprawy-polarnej-do-polskiej-stacji-polarnej-hornsund-na-spitsbergenie\\\/#breadcrumb\"},\"inLanguage\":\"pl-PL\",\"potentialAction\":[{\"@type\":\"ReadAction\",\"target\":[\"https:\\\/\\\/www.krzysztofkolodziej.com\\\/domkopernika\\\/nauki-przyrodnicze\\\/trwa-rekrutacja-uczestnikow-48-wyprawy-polarnej-do-polskiej-stacji-polarnej-hornsund-na-spitsbergenie\\\/\"]}]},{\"@type\":\"ImageObject\",\"inLanguage\":\"pl-PL\",\"@id\":\"https:\\\/\\\/www.krzysztofkolodziej.com\\\/domkopernika\\\/nauki-przyrodnicze\\\/trwa-rekrutacja-uczestnikow-48-wyprawy-polarnej-do-polskiej-stacji-polarnej-hornsund-na-spitsbergenie\\\/#primaryimage\",\"url\":\"https:\\\/\\\/www.krzysztofkolodziej.com\\\/domkopernika\\\/wp-content\\\/uploads\\\/2024\\\/11\\\/464189446_1016191640311656_4475455872803977008_n-1024x768-1.jpg\",\"contentUrl\":\"https:\\\/\\\/www.krzysztofkolodziej.com\\\/domkopernika\\\/wp-content\\\/uploads\\\/2024\\\/11\\\/464189446_1016191640311656_4475455872803977008_n-1024x768-1.jpg\",\"width\":1024,\"height\":768},{\"@type\":\"BreadcrumbList\",\"@id\":\"https:\\\/\\\/www.krzysztofkolodziej.com\\\/domkopernika\\\/nauki-przyrodnicze\\\/trwa-rekrutacja-uczestnikow-48-wyprawy-polarnej-do-polskiej-stacji-polarnej-hornsund-na-spitsbergenie\\\/#breadcrumb\",\"itemListElement\":[{\"@type\":\"ListItem\",\"position\":1,\"name\":\"Strona g\u0142\u00f3wna\",\"item\":\"https:\\\/\\\/www.krzysztofkolodziej.com\\\/domkopernika\\\/\"},{\"@type\":\"ListItem\",\"position\":2,\"name\":\"Trwa rekrutacja uczestnik\u00f3w 48. Wyprawy Polarnej do Polskiej Stacji Polarnej Hornsund na Spitsbergenie\"}]},{\"@type\":\"WebSite\",\"@id\":\"https:\\\/\\\/www.krzysztofkolodziej.com\\\/domkopernika\\\/#website\",\"url\":\"https:\\\/\\\/www.krzysztofkolodziej.com\\\/domkopernika\\\/\",\"name\":\"Dom Kopernika\",\"description\":\"\",\"potentialAction\":[{\"@type\":\"SearchAction\",\"target\":{\"@type\":\"EntryPoint\",\"urlTemplate\":\"https:\\\/\\\/www.krzysztofkolodziej.com\\\/domkopernika\\\/?s={search_term_string}\"},\"query-input\":{\"@type\":\"PropertyValueSpecification\",\"valueRequired\":true,\"valueName\":\"search_term_string\"}}],\"inLanguage\":\"pl-PL\"},{\"@type\":\"Person\",\"@id\":\"https:\\\/\\\/www.krzysztofkolodziej.com\\\/domkopernika\\\/#\\\/schema\\\/person\\\/875cb93c53b4270be43f471e7ed855ae\",\"name\":\"Krzysztof Ko\u0142odziej\",\"image\":{\"@type\":\"ImageObject\",\"inLanguage\":\"pl-PL\",\"@id\":\"https:\\\/\\\/secure.gravatar.com\\\/avatar\\\/fc642545621257206083f066631fe607f7feef26b40d4c54d8ce5bbd466fe17e?s=96&d=mm&r=g\",\"url\":\"https:\\\/\\\/secure.gravatar.com\\\/avatar\\\/fc642545621257206083f066631fe607f7feef26b40d4c54d8ce5bbd466fe17e?s=96&d=mm&r=g\",\"contentUrl\":\"https:\\\/\\\/secure.gravatar.com\\\/avatar\\\/fc642545621257206083f066631fe607f7feef26b40d4c54d8ce5bbd466fe17e?s=96&d=mm&r=g\",\"caption\":\"Krzysztof Ko\u0142odziej\"},\"url\":\"https:\\\/\\\/www.krzysztofkolodziej.com\\\/domkopernika\\\/author\\\/krzysztof-kolodziej\\\/\"}]}<\/script>\n<!-- \/ Yoast SEO plugin. -->","yoast_head_json":{"title":"Dom Kopernika - Trwa rekrutacja uczestnik\u00f3w 48. Wyprawy Polarnej do Polskiej Stacji Polarnej Hornsund na Spitsbergenie","robots":{"index":"noindex","follow":"follow"},"og_locale":"pl_PL","og_type":"article","og_title":"Dom Kopernika - Trwa rekrutacja uczestnik\u00f3w 48. Wyprawy Polarnej do Polskiej Stacji Polarnej Hornsund na Spitsbergenie","og_description":"Instytut Geofizyki Polskiej Akademii Nauk (IGF PAN) og\u0142osi\u0142 rekrutacj\u0119 na 48. wypraw\u0119 polarn\u0105 do Polskiej Stacji Polarnej Hornsund. Kandydaci zainteresowan\u0105 t\u0105 wyj\u0105tkow\u0105 ofert\u0105 ju\u017c teraz mog\u0105 wysy\u0142a\u0107 swoje CV. Poszukiwani&hellip;","og_url":"https:\/\/www.krzysztofkolodziej.com\/domkopernika\/nauki-przyrodnicze\/trwa-rekrutacja-uczestnikow-48-wyprawy-polarnej-do-polskiej-stacji-polarnej-hornsund-na-spitsbergenie\/","og_site_name":"Dom Kopernika","article_published_time":"2024-11-29T08:53:24+00:00","article_modified_time":"2024-11-29T18:12:08+00:00","og_image":[{"width":1024,"height":768,"url":"https:\/\/www.krzysztofkolodziej.com\/domkopernika\/wp-content\/uploads\/2024\/11\/464189446_1016191640311656_4475455872803977008_n-1024x768-1.jpg","type":"image\/jpeg"}],"author":"Krzysztof Ko\u0142odziej","twitter_card":"summary_large_image","twitter_misc":{"Napisane przez":"Krzysztof Ko\u0142odziej","Szacowany czas czytania":"3 minuty"},"schema":{"@context":"https:\/\/schema.org","@graph":[{"@type":"NewsArticle","@id":"https:\/\/www.krzysztofkolodziej.com\/domkopernika\/nauki-przyrodnicze\/trwa-rekrutacja-uczestnikow-48-wyprawy-polarnej-do-polskiej-stacji-polarnej-hornsund-na-spitsbergenie\/#article","isPartOf":{"@id":"https:\/\/www.krzysztofkolodziej.com\/domkopernika\/nauki-przyrodnicze\/trwa-rekrutacja-uczestnikow-48-wyprawy-polarnej-do-polskiej-stacji-polarnej-hornsund-na-spitsbergenie\/"},"author":{"name":"Krzysztof Ko\u0142odziej","@id":"https:\/\/www.krzysztofkolodziej.com\/domkopernika\/#\/schema\/person\/875cb93c53b4270be43f471e7ed855ae"},"headline":"Trwa rekrutacja uczestnik\u00f3w 48. Wyprawy Polarnej do Polskiej Stacji Polarnej Hornsund na Spitsbergenie","datePublished":"2024-11-29T08:53:24+00:00","dateModified":"2024-11-29T18:12:08+00:00","mainEntityOfPage":{"@id":"https:\/\/www.krzysztofkolodziej.com\/domkopernika\/nauki-przyrodnicze\/trwa-rekrutacja-uczestnikow-48-wyprawy-polarnej-do-polskiej-stacji-polarnej-hornsund-na-spitsbergenie\/"},"wordCount":420,"image":{"@id":"https:\/\/www.krzysztofkolodziej.com\/domkopernika\/nauki-przyrodnicze\/trwa-rekrutacja-uczestnikow-48-wyprawy-polarnej-do-polskiej-stacji-polarnej-hornsund-na-spitsbergenie\/#primaryimage"},"thumbnailUrl":"https:\/\/www.krzysztofkolodziej.com\/domkopernika\/wp-content\/uploads\/2024\/11\/464189446_1016191640311656_4475455872803977008_n-1024x768-1.jpg","articleSection":["Nauki przyrodnicze"],"inLanguage":"pl-PL"},{"@type":"WebPage","@id":"https:\/\/www.krzysztofkolodziej.com\/domkopernika\/nauki-przyrodnicze\/trwa-rekrutacja-uczestnikow-48-wyprawy-polarnej-do-polskiej-stacji-polarnej-hornsund-na-spitsbergenie\/","url":"https:\/\/www.krzysztofkolodziej.com\/domkopernika\/nauki-przyrodnicze\/trwa-rekrutacja-uczestnikow-48-wyprawy-polarnej-do-polskiej-stacji-polarnej-hornsund-na-spitsbergenie\/","name":"Dom Kopernika - Trwa rekrutacja uczestnik\u00f3w 48. Wyprawy Polarnej do Polskiej Stacji Polarnej Hornsund na Spitsbergenie","isPartOf":{"@id":"https:\/\/www.krzysztofkolodziej.com\/domkopernika\/#website"},"primaryImageOfPage":{"@id":"https:\/\/www.krzysztofkolodziej.com\/domkopernika\/nauki-przyrodnicze\/trwa-rekrutacja-uczestnikow-48-wyprawy-polarnej-do-polskiej-stacji-polarnej-hornsund-na-spitsbergenie\/#primaryimage"},"image":{"@id":"https:\/\/www.krzysztofkolodziej.com\/domkopernika\/nauki-przyrodnicze\/trwa-rekrutacja-uczestnikow-48-wyprawy-polarnej-do-polskiej-stacji-polarnej-hornsund-na-spitsbergenie\/#primaryimage"},"thumbnailUrl":"https:\/\/www.krzysztofkolodziej.com\/domkopernika\/wp-content\/uploads\/2024\/11\/464189446_1016191640311656_4475455872803977008_n-1024x768-1.jpg","datePublished":"2024-11-29T08:53:24+00:00","dateModified":"2024-11-29T18:12:08+00:00","author":{"@id":"https:\/\/www.krzysztofkolodziej.com\/domkopernika\/#\/schema\/person\/875cb93c53b4270be43f471e7ed855ae"},"breadcrumb":{"@id":"https:\/\/www.krzysztofkolodziej.com\/domkopernika\/nauki-przyrodnicze\/trwa-rekrutacja-uczestnikow-48-wyprawy-polarnej-do-polskiej-stacji-polarnej-hornsund-na-spitsbergenie\/#breadcrumb"},"inLanguage":"pl-PL","potentialAction":[{"@type":"ReadAction","target":["https:\/\/www.krzysztofkolodziej.com\/domkopernika\/nauki-przyrodnicze\/trwa-rekrutacja-uczestnikow-48-wyprawy-polarnej-do-polskiej-stacji-polarnej-hornsund-na-spitsbergenie\/"]}]},{"@type":"ImageObject","inLanguage":"pl-PL","@id":"https:\/\/www.krzysztofkolodziej.com\/domkopernika\/nauki-przyrodnicze\/trwa-rekrutacja-uczestnikow-48-wyprawy-polarnej-do-polskiej-stacji-polarnej-hornsund-na-spitsbergenie\/#primaryimage","url":"https:\/\/www.krzysztofkolodziej.com\/domkopernika\/wp-content\/uploads\/2024\/11\/464189446_1016191640311656_4475455872803977008_n-1024x768-1.jpg","contentUrl":"https:\/\/www.krzysztofkolodziej.com\/domkopernika\/wp-content\/uploads\/2024\/11\/464189446_1016191640311656_4475455872803977008_n-1024x768-1.jpg","width":1024,"height":768},{"@type":"BreadcrumbList","@id":"https:\/\/www.krzysztofkolodziej.com\/domkopernika\/nauki-przyrodnicze\/trwa-rekrutacja-uczestnikow-48-wyprawy-polarnej-do-polskiej-stacji-polarnej-hornsund-na-spitsbergenie\/#breadcrumb","itemListElement":[{"@type":"ListItem","position":1,"name":"Strona g\u0142\u00f3wna","item":"https:\/\/www.krzysztofkolodziej.com\/domkopernika\/"},{"@type":"ListItem","position":2,"name":"Trwa rekrutacja uczestnik\u00f3w 48. Wyprawy Polarnej do Polskiej Stacji Polarnej Hornsund na Spitsbergenie"}]},{"@type":"WebSite","@id":"https:\/\/www.krzysztofkolodziej.com\/domkopernika\/#website","url":"https:\/\/www.krzysztofkolodziej.com\/domkopernika\/","name":"Dom Kopernika","description":"","potentialAction":[{"@type":"SearchAction","target":{"@type":"EntryPoint","urlTemplate":"https:\/\/www.krzysztofkolodziej.com\/domkopernika\/?s={search_term_string}"},"query-input":{"@type":"PropertyValueSpecification","valueRequired":true,"valueName":"search_term_string"}}],"inLanguage":"pl-PL"},{"@type":"Person","@id":"https:\/\/www.krzysztofkolodziej.com\/domkopernika\/#\/schema\/person\/875cb93c53b4270be43f471e7ed855ae","name":"Krzysztof Ko\u0142odziej","image":{"@type":"ImageObject","inLanguage":"pl-PL","@id":"https:\/\/secure.gravatar.com\/avatar\/fc642545621257206083f066631fe607f7feef26b40d4c54d8ce5bbd466fe17e?s=96&d=mm&r=g","url":"https:\/\/secure.gravatar.com\/avatar\/fc642545621257206083f066631fe607f7feef26b40d4c54d8ce5bbd466fe17e?s=96&d=mm&r=g","contentUrl":"https:\/\/secure.gravatar.com\/avatar\/fc642545621257206083f066631fe607f7feef26b40d4c54d8ce5bbd466fe17e?s=96&d=mm&r=g","caption":"Krzysztof Ko\u0142odziej"},"url":"https:\/\/www.krzysztofkolodziej.com\/domkopernika\/author\/krzysztof-kolodziej\/"}]}},"_links":{"self":[{"href":"https:\/\/www.krzysztofkolodziej.com\/domkopernika\/wp-json\/wp\/v2\/posts\/36743","targetHints":{"allow":["GET"]}}],"collection":[{"href":"https:\/\/www.krzysztofkolodziej.com\/domkopernika\/wp-json\/wp\/v2\/posts"}],"about":[{"href":"https:\/\/www.krzysztofkolodziej.com\/domkopernika\/wp-json\/wp\/v2\/types\/post"}],"author":[{"embeddable":true,"href":"https:\/\/www.krzysztofkolodziej.com\/domkopernika\/wp-json\/wp\/v2\/users\/4"}],"replies":[{"embeddable":true,"href":"https:\/\/www.krzysztofkolodziej.com\/domkopernika\/wp-json\/wp\/v2\/comments?post=36743"}],"version-history":[{"count":1,"href":"https:\/\/www.krzysztofkolodziej.com\/domkopernika\/wp-json\/wp\/v2\/posts\/36743\/revisions"}],"predecessor-version":[{"id":36747,"href":"https:\/\/www.krzysztofkolodziej.com\/domkopernika\/wp-json\/wp\/v2\/posts\/36743\/revisions\/36747"}],"wp:featuredmedia":[{"embeddable":true,"href":"https:\/\/www.krzysztofkolodziej.com\/domkopernika\/wp-json\/wp\/v2\/media\/36744"}],"wp:attachment":[{"href":"https:\/\/www.krzysztofkolodziej.com\/domkopernika\/wp-json\/wp\/v2\/media?parent=36743"}],"wp:term":[{"taxonomy":"category","embeddable":true,"href":"https:\/\/www.krzysztofkolodziej.com\/domkopernika\/wp-json\/wp\/v2\/categories?post=36743"},{"taxonomy":"post_tag","embeddable":true,"href":"https:\/\/www.krzysztofkolodziej.com\/domkopernika\/wp-json\/wp\/v2\/tags?post=36743"}],"curies":[{"name":"wp","href":"https:\/\/api.w.org\/{rel}","templated":true}]}}