{"id":36724,"date":"2024-11-25T07:40:36","date_gmt":"2024-11-25T06:40:36","guid":{"rendered":"https:\/\/www.krzysztofkolodziej.com\/domkopernika\/?p=36724"},"modified":"2024-11-29T09:55:14","modified_gmt":"2024-11-29T08:55:14","slug":"festiwal-mikolaja-kopernika-w-krakowie-kopernikaria","status":"publish","type":"post","link":"https:\/\/www.krzysztofkolodziej.com\/domkopernika\/astronomia\/festiwal-mikolaja-kopernika-w-krakowie-kopernikaria\/","title":{"rendered":"Festiwal Miko\u0142aja Kopernika w Krakowie \u2013 Kopernikaria"},"content":{"rendered":"<div>\n<div id=\"bsf_rt_marker\"><\/div>\n<p><strong>Ju\u017c dzi\u015b, 25 listopada, w Krakowie odb\u0119dzie si\u0119 kolejne wydarzenie w ramach Festiwalu im. Miko\u0142aja Kopernika \u2013 Kopernikaria. Szko\u0142a G\u0142\u00f3wna Miko\u0142aja Kopernika jest partnerem merytorycznym spotkania.<\/strong><\/p>\n<p>W ramach festiwalu wyk\u0142ad wyg\u0142osi prof. ucz. dr hab. Karolina Kocha\u0144czyk-Boni\u0144ska, reprezentuj\u0105ca Kolegium Filozofii i Teologii Szko\u0142y G\u0142\u00f3wnej Miko\u0142aja Kopernika.<\/p>\n<p>Prof. Kocha\u0144czyk-Boni\u0144ska przedstawi prelekcj\u0119 na temat:\u00a0\u201eJak wyobra\u017cano sobie \u015bwiat przed Kopernikiem. Filozofia i teologia contra heliocentryzm\u201d. Wyk\u0142ad jest okazj\u0105 do okazj\u0119 do zg\u0142\u0119bienia wiedzy o \u015bredniowiecznych i renesansowych koncepcjach kosmosu, filozofii i teologii kszta\u0142tuj\u0105cej \u00f3wczesne wyobra\u017cenia o wszech\u015bwiecie.<\/p>\n<p>Wydarzenie zosta\u0142o obj\u0119te Patronatem Honorowym Marsza\u0142ka Wojew\u00f3dztwa Ma\u0142opolskiego, patronatem medialnym czasopisma Annales Astronomiae Novae i Radia Krak\u00f3w. Partnerami wydarzenia s\u0105: Klub Filatelist\u00f3w Cracoviana, Miasto Krak\u00f3w i Szko\u0142a G\u0142\u00f3wna Miko\u0142aja Kopernika.<\/p>\n<p><img fetchpriority=\"high\" decoding=\"async\" class=\"alignnone size-large wp-image-21521\" src=\"https:\/\/www.krzysztofkolodziej.com\/domkopernika\/wp-content\/uploads\/2024\/11\/plakat-pw-1-724x1024-1.png\" sizes=\"(max-width: 724px) 100vw, 724px\" srcset=\"https:\/\/www.krzysztofkolodziej.com\/domkopernika\/wp-content\/uploads\/2024\/11\/plakat-pw-1-724x1024-1.png 724w, https:\/\/www.sgmk.edu.pl\/wp-content\/uploads\/2024\/11\/plakat-pw-1-212x300.png 212w, https:\/\/www.sgmk.edu.pl\/wp-content\/uploads\/2024\/11\/plakat-pw-1-768x1086.png 768w, https:\/\/www.sgmk.edu.pl\/wp-content\/uploads\/2024\/11\/plakat-pw-1-1086x1536.png 1086w, https:\/\/www.sgmk.edu.pl\/wp-content\/uploads\/2024\/11\/plakat-pw-1-1449x2048.png 1449w, https:\/\/www.sgmk.edu.pl\/wp-content\/uploads\/2024\/11\/plakat-pw-1.png 1863w\" alt=\"\" width=\"724\" height=\"1024\" \/><\/p>\n<p>Artyku\u0142 <a href=\"https:\/\/www.sgmk.edu.pl\/festiwal-mikolaja-kopernika-w-krakowie-kopernikaria\/\">Festiwal Miko\u0142aja Kopernika w Krakowie \u2013 Kopernikaria<\/a> pochodzi z serwisu <a href=\"https:\/\/www.sgmk.edu.pl\/\">Szko\u0142a G\u0142\u00f3wna Miko\u0142aja Kopernika<\/a>.<\/p>\n<\/div>\n","protected":false},"excerpt":{"rendered":"<p>Ju\u017c dzi\u015b, 25 listopada, w Krakowie odb\u0119dzie si\u0119 kolejne wydarzenie w ramach Festiwalu im. Miko\u0142aja Kopernika \u2013 Kopernikaria. Szko\u0142a G\u0142\u00f3wna Miko\u0142aja Kopernika jest partnerem merytorycznym spotkania. W ramach festiwalu wyk\u0142ad&hellip;<\/p>\n","protected":false},"author":4,"featured_media":0,"comment_status":"closed","ping_status":"closed","sticky":false,"template":"","format":"standard","meta":{"footnotes":""},"categories":[310],"tags":[],"class_list":["post-36724","post","type-post","status-publish","format-standard","hentry","category-astronomia"],"yoast_head":"<!-- This site is optimized with the Yoast SEO plugin v27.5 - https:\/\/yoast.com\/product\/yoast-seo-wordpress\/ -->\n<title>Dom Kopernika - Festiwal Miko\u0142aja Kopernika w Krakowie \u2013 Kopernikaria<\/title>\n<meta name=\"robots\" content=\"noindex, follow\" \/>\n<meta property=\"og:locale\" content=\"pl_PL\" \/>\n<meta property=\"og:type\" content=\"article\" \/>\n<meta property=\"og:title\" content=\"Dom Kopernika - Festiwal Miko\u0142aja Kopernika w Krakowie \u2013 Kopernikaria\" \/>\n<meta property=\"og:description\" content=\"Ju\u017c dzi\u015b, 25 listopada, w Krakowie odb\u0119dzie si\u0119 kolejne wydarzenie w ramach Festiwalu im. Miko\u0142aja Kopernika \u2013 Kopernikaria. Szko\u0142a G\u0142\u00f3wna Miko\u0142aja Kopernika jest partnerem merytorycznym spotkania. W ramach festiwalu wyk\u0142ad&hellip;\" \/>\n<meta property=\"og:url\" content=\"https:\/\/www.krzysztofkolodziej.com\/domkopernika\/astronomia\/festiwal-mikolaja-kopernika-w-krakowie-kopernikaria\/\" \/>\n<meta property=\"og:site_name\" content=\"Dom Kopernika\" \/>\n<meta property=\"article:published_time\" content=\"2024-11-25T06:40:36+00:00\" \/>\n<meta property=\"article:modified_time\" content=\"2024-11-29T08:55:14+00:00\" \/>\n<meta property=\"og:image\" content=\"https:\/\/www.krzysztofkolodziej.com\/domkopernika\/wp-content\/uploads\/2024\/11\/plakat-pw-1-724x1024-1.png\" \/>\n\t<meta property=\"og:image:width\" content=\"724\" \/>\n\t<meta property=\"og:image:height\" content=\"1024\" \/>\n\t<meta property=\"og:image:type\" content=\"image\/png\" \/>\n<meta name=\"author\" content=\"Krzysztof Ko\u0142odziej\" \/>\n<meta name=\"twitter:card\" content=\"summary_large_image\" \/>\n<meta name=\"twitter:label1\" content=\"Napisane przez\" \/>\n\t<meta name=\"twitter:data1\" content=\"Krzysztof Ko\u0142odziej\" \/>\n\t<meta name=\"twitter:label2\" content=\"Szacowany czas czytania\" \/>\n\t<meta name=\"twitter:data2\" content=\"2 minuty\" \/>\n<script type=\"application\/ld+json\" class=\"yoast-schema-graph\">{\"@context\":\"https:\\\/\\\/schema.org\",\"@graph\":[{\"@type\":\"NewsArticle\",\"@id\":\"https:\\\/\\\/www.krzysztofkolodziej.com\\\/domkopernika\\\/astronomia\\\/festiwal-mikolaja-kopernika-w-krakowie-kopernikaria\\\/#article\",\"isPartOf\":{\"@id\":\"https:\\\/\\\/www.krzysztofkolodziej.com\\\/domkopernika\\\/astronomia\\\/festiwal-mikolaja-kopernika-w-krakowie-kopernikaria\\\/\"},\"author\":{\"name\":\"Krzysztof Ko\u0142odziej\",\"@id\":\"https:\\\/\\\/www.krzysztofkolodziej.com\\\/domkopernika\\\/#\\\/schema\\\/person\\\/875cb93c53b4270be43f471e7ed855ae\"},\"headline\":\"Festiwal Miko\u0142aja Kopernika w Krakowie \u2013 Kopernikaria\",\"datePublished\":\"2024-11-25T06:40:36+00:00\",\"dateModified\":\"2024-11-29T08:55:14+00:00\",\"mainEntityOfPage\":{\"@id\":\"https:\\\/\\\/www.krzysztofkolodziej.com\\\/domkopernika\\\/astronomia\\\/festiwal-mikolaja-kopernika-w-krakowie-kopernikaria\\\/\"},\"wordCount\":171,\"image\":{\"@id\":\"https:\\\/\\\/www.krzysztofkolodziej.com\\\/domkopernika\\\/astronomia\\\/festiwal-mikolaja-kopernika-w-krakowie-kopernikaria\\\/#primaryimage\"},\"thumbnailUrl\":\"https:\\\/\\\/www.krzysztofkolodziej.com\\\/domkopernika\\\/wp-content\\\/uploads\\\/2024\\\/11\\\/plakat-pw-1-724x1024-1.png\",\"articleSection\":[\"Astronomia\"],\"inLanguage\":\"pl-PL\"},{\"@type\":\"WebPage\",\"@id\":\"https:\\\/\\\/www.krzysztofkolodziej.com\\\/domkopernika\\\/astronomia\\\/festiwal-mikolaja-kopernika-w-krakowie-kopernikaria\\\/\",\"url\":\"https:\\\/\\\/www.krzysztofkolodziej.com\\\/domkopernika\\\/astronomia\\\/festiwal-mikolaja-kopernika-w-krakowie-kopernikaria\\\/\",\"name\":\"Dom Kopernika - Festiwal Miko\u0142aja Kopernika w Krakowie \u2013 Kopernikaria\",\"isPartOf\":{\"@id\":\"https:\\\/\\\/www.krzysztofkolodziej.com\\\/domkopernika\\\/#website\"},\"primaryImageOfPage\":{\"@id\":\"https:\\\/\\\/www.krzysztofkolodziej.com\\\/domkopernika\\\/astronomia\\\/festiwal-mikolaja-kopernika-w-krakowie-kopernikaria\\\/#primaryimage\"},\"image\":{\"@id\":\"https:\\\/\\\/www.krzysztofkolodziej.com\\\/domkopernika\\\/astronomia\\\/festiwal-mikolaja-kopernika-w-krakowie-kopernikaria\\\/#primaryimage\"},\"thumbnailUrl\":\"https:\\\/\\\/www.krzysztofkolodziej.com\\\/domkopernika\\\/wp-content\\\/uploads\\\/2024\\\/11\\\/plakat-pw-1-724x1024-1.png\",\"datePublished\":\"2024-11-25T06:40:36+00:00\",\"dateModified\":\"2024-11-29T08:55:14+00:00\",\"author\":{\"@id\":\"https:\\\/\\\/www.krzysztofkolodziej.com\\\/domkopernika\\\/#\\\/schema\\\/person\\\/875cb93c53b4270be43f471e7ed855ae\"},\"breadcrumb\":{\"@id\":\"https:\\\/\\\/www.krzysztofkolodziej.com\\\/domkopernika\\\/astronomia\\\/festiwal-mikolaja-kopernika-w-krakowie-kopernikaria\\\/#breadcrumb\"},\"inLanguage\":\"pl-PL\",\"potentialAction\":[{\"@type\":\"ReadAction\",\"target\":[\"https:\\\/\\\/www.krzysztofkolodziej.com\\\/domkopernika\\\/astronomia\\\/festiwal-mikolaja-kopernika-w-krakowie-kopernikaria\\\/\"]}]},{\"@type\":\"ImageObject\",\"inLanguage\":\"pl-PL\",\"@id\":\"https:\\\/\\\/www.krzysztofkolodziej.com\\\/domkopernika\\\/astronomia\\\/festiwal-mikolaja-kopernika-w-krakowie-kopernikaria\\\/#primaryimage\",\"url\":\"\",\"contentUrl\":\"\"},{\"@type\":\"BreadcrumbList\",\"@id\":\"https:\\\/\\\/www.krzysztofkolodziej.com\\\/domkopernika\\\/astronomia\\\/festiwal-mikolaja-kopernika-w-krakowie-kopernikaria\\\/#breadcrumb\",\"itemListElement\":[{\"@type\":\"ListItem\",\"position\":1,\"name\":\"Strona g\u0142\u00f3wna\",\"item\":\"https:\\\/\\\/www.krzysztofkolodziej.com\\\/domkopernika\\\/\"},{\"@type\":\"ListItem\",\"position\":2,\"name\":\"Festiwal Miko\u0142aja Kopernika w Krakowie \u2013 Kopernikaria\"}]},{\"@type\":\"WebSite\",\"@id\":\"https:\\\/\\\/www.krzysztofkolodziej.com\\\/domkopernika\\\/#website\",\"url\":\"https:\\\/\\\/www.krzysztofkolodziej.com\\\/domkopernika\\\/\",\"name\":\"Dom Kopernika\",\"description\":\"\",\"potentialAction\":[{\"@type\":\"SearchAction\",\"target\":{\"@type\":\"EntryPoint\",\"urlTemplate\":\"https:\\\/\\\/www.krzysztofkolodziej.com\\\/domkopernika\\\/?s={search_term_string}\"},\"query-input\":{\"@type\":\"PropertyValueSpecification\",\"valueRequired\":true,\"valueName\":\"search_term_string\"}}],\"inLanguage\":\"pl-PL\"},{\"@type\":\"Person\",\"@id\":\"https:\\\/\\\/www.krzysztofkolodziej.com\\\/domkopernika\\\/#\\\/schema\\\/person\\\/875cb93c53b4270be43f471e7ed855ae\",\"name\":\"Krzysztof Ko\u0142odziej\",\"image\":{\"@type\":\"ImageObject\",\"inLanguage\":\"pl-PL\",\"@id\":\"https:\\\/\\\/secure.gravatar.com\\\/avatar\\\/fc642545621257206083f066631fe607f7feef26b40d4c54d8ce5bbd466fe17e?s=96&d=mm&r=g\",\"url\":\"https:\\\/\\\/secure.gravatar.com\\\/avatar\\\/fc642545621257206083f066631fe607f7feef26b40d4c54d8ce5bbd466fe17e?s=96&d=mm&r=g\",\"contentUrl\":\"https:\\\/\\\/secure.gravatar.com\\\/avatar\\\/fc642545621257206083f066631fe607f7feef26b40d4c54d8ce5bbd466fe17e?s=96&d=mm&r=g\",\"caption\":\"Krzysztof Ko\u0142odziej\"},\"url\":\"https:\\\/\\\/www.krzysztofkolodziej.com\\\/domkopernika\\\/author\\\/krzysztof-kolodziej\\\/\"}]}<\/script>\n<!-- \/ Yoast SEO plugin. -->","yoast_head_json":{"title":"Dom Kopernika - Festiwal Miko\u0142aja Kopernika w Krakowie \u2013 Kopernikaria","robots":{"index":"noindex","follow":"follow"},"og_locale":"pl_PL","og_type":"article","og_title":"Dom Kopernika - Festiwal Miko\u0142aja Kopernika w Krakowie \u2013 Kopernikaria","og_description":"Ju\u017c dzi\u015b, 25 listopada, w Krakowie odb\u0119dzie si\u0119 kolejne wydarzenie w ramach Festiwalu im. Miko\u0142aja Kopernika \u2013 Kopernikaria. Szko\u0142a G\u0142\u00f3wna Miko\u0142aja Kopernika jest partnerem merytorycznym spotkania. W ramach festiwalu wyk\u0142ad&hellip;","og_url":"https:\/\/www.krzysztofkolodziej.com\/domkopernika\/astronomia\/festiwal-mikolaja-kopernika-w-krakowie-kopernikaria\/","og_site_name":"Dom Kopernika","article_published_time":"2024-11-25T06:40:36+00:00","article_modified_time":"2024-11-29T08:55:14+00:00","og_image":[{"width":724,"height":1024,"url":"https:\/\/www.krzysztofkolodziej.com\/domkopernika\/wp-content\/uploads\/2024\/11\/plakat-pw-1-724x1024-1.png","type":"image\/png"}],"author":"Krzysztof Ko\u0142odziej","twitter_card":"summary_large_image","twitter_misc":{"Napisane przez":"Krzysztof Ko\u0142odziej","Szacowany czas czytania":"2 minuty"},"schema":{"@context":"https:\/\/schema.org","@graph":[{"@type":"NewsArticle","@id":"https:\/\/www.krzysztofkolodziej.com\/domkopernika\/astronomia\/festiwal-mikolaja-kopernika-w-krakowie-kopernikaria\/#article","isPartOf":{"@id":"https:\/\/www.krzysztofkolodziej.com\/domkopernika\/astronomia\/festiwal-mikolaja-kopernika-w-krakowie-kopernikaria\/"},"author":{"name":"Krzysztof Ko\u0142odziej","@id":"https:\/\/www.krzysztofkolodziej.com\/domkopernika\/#\/schema\/person\/875cb93c53b4270be43f471e7ed855ae"},"headline":"Festiwal Miko\u0142aja Kopernika w Krakowie \u2013 Kopernikaria","datePublished":"2024-11-25T06:40:36+00:00","dateModified":"2024-11-29T08:55:14+00:00","mainEntityOfPage":{"@id":"https:\/\/www.krzysztofkolodziej.com\/domkopernika\/astronomia\/festiwal-mikolaja-kopernika-w-krakowie-kopernikaria\/"},"wordCount":171,"image":{"@id":"https:\/\/www.krzysztofkolodziej.com\/domkopernika\/astronomia\/festiwal-mikolaja-kopernika-w-krakowie-kopernikaria\/#primaryimage"},"thumbnailUrl":"https:\/\/www.krzysztofkolodziej.com\/domkopernika\/wp-content\/uploads\/2024\/11\/plakat-pw-1-724x1024-1.png","articleSection":["Astronomia"],"inLanguage":"pl-PL"},{"@type":"WebPage","@id":"https:\/\/www.krzysztofkolodziej.com\/domkopernika\/astronomia\/festiwal-mikolaja-kopernika-w-krakowie-kopernikaria\/","url":"https:\/\/www.krzysztofkolodziej.com\/domkopernika\/astronomia\/festiwal-mikolaja-kopernika-w-krakowie-kopernikaria\/","name":"Dom Kopernika - Festiwal Miko\u0142aja Kopernika w Krakowie \u2013 Kopernikaria","isPartOf":{"@id":"https:\/\/www.krzysztofkolodziej.com\/domkopernika\/#website"},"primaryImageOfPage":{"@id":"https:\/\/www.krzysztofkolodziej.com\/domkopernika\/astronomia\/festiwal-mikolaja-kopernika-w-krakowie-kopernikaria\/#primaryimage"},"image":{"@id":"https:\/\/www.krzysztofkolodziej.com\/domkopernika\/astronomia\/festiwal-mikolaja-kopernika-w-krakowie-kopernikaria\/#primaryimage"},"thumbnailUrl":"https:\/\/www.krzysztofkolodziej.com\/domkopernika\/wp-content\/uploads\/2024\/11\/plakat-pw-1-724x1024-1.png","datePublished":"2024-11-25T06:40:36+00:00","dateModified":"2024-11-29T08:55:14+00:00","author":{"@id":"https:\/\/www.krzysztofkolodziej.com\/domkopernika\/#\/schema\/person\/875cb93c53b4270be43f471e7ed855ae"},"breadcrumb":{"@id":"https:\/\/www.krzysztofkolodziej.com\/domkopernika\/astronomia\/festiwal-mikolaja-kopernika-w-krakowie-kopernikaria\/#breadcrumb"},"inLanguage":"pl-PL","potentialAction":[{"@type":"ReadAction","target":["https:\/\/www.krzysztofkolodziej.com\/domkopernika\/astronomia\/festiwal-mikolaja-kopernika-w-krakowie-kopernikaria\/"]}]},{"@type":"ImageObject","inLanguage":"pl-PL","@id":"https:\/\/www.krzysztofkolodziej.com\/domkopernika\/astronomia\/festiwal-mikolaja-kopernika-w-krakowie-kopernikaria\/#primaryimage","url":"","contentUrl":""},{"@type":"BreadcrumbList","@id":"https:\/\/www.krzysztofkolodziej.com\/domkopernika\/astronomia\/festiwal-mikolaja-kopernika-w-krakowie-kopernikaria\/#breadcrumb","itemListElement":[{"@type":"ListItem","position":1,"name":"Strona g\u0142\u00f3wna","item":"https:\/\/www.krzysztofkolodziej.com\/domkopernika\/"},{"@type":"ListItem","position":2,"name":"Festiwal Miko\u0142aja Kopernika w Krakowie \u2013 Kopernikaria"}]},{"@type":"WebSite","@id":"https:\/\/www.krzysztofkolodziej.com\/domkopernika\/#website","url":"https:\/\/www.krzysztofkolodziej.com\/domkopernika\/","name":"Dom Kopernika","description":"","potentialAction":[{"@type":"SearchAction","target":{"@type":"EntryPoint","urlTemplate":"https:\/\/www.krzysztofkolodziej.com\/domkopernika\/?s={search_term_string}"},"query-input":{"@type":"PropertyValueSpecification","valueRequired":true,"valueName":"search_term_string"}}],"inLanguage":"pl-PL"},{"@type":"Person","@id":"https:\/\/www.krzysztofkolodziej.com\/domkopernika\/#\/schema\/person\/875cb93c53b4270be43f471e7ed855ae","name":"Krzysztof Ko\u0142odziej","image":{"@type":"ImageObject","inLanguage":"pl-PL","@id":"https:\/\/secure.gravatar.com\/avatar\/fc642545621257206083f066631fe607f7feef26b40d4c54d8ce5bbd466fe17e?s=96&d=mm&r=g","url":"https:\/\/secure.gravatar.com\/avatar\/fc642545621257206083f066631fe607f7feef26b40d4c54d8ce5bbd466fe17e?s=96&d=mm&r=g","contentUrl":"https:\/\/secure.gravatar.com\/avatar\/fc642545621257206083f066631fe607f7feef26b40d4c54d8ce5bbd466fe17e?s=96&d=mm&r=g","caption":"Krzysztof Ko\u0142odziej"},"url":"https:\/\/www.krzysztofkolodziej.com\/domkopernika\/author\/krzysztof-kolodziej\/"}]}},"_links":{"self":[{"href":"https:\/\/www.krzysztofkolodziej.com\/domkopernika\/wp-json\/wp\/v2\/posts\/36724","targetHints":{"allow":["GET"]}}],"collection":[{"href":"https:\/\/www.krzysztofkolodziej.com\/domkopernika\/wp-json\/wp\/v2\/posts"}],"about":[{"href":"https:\/\/www.krzysztofkolodziej.com\/domkopernika\/wp-json\/wp\/v2\/types\/post"}],"author":[{"embeddable":true,"href":"https:\/\/www.krzysztofkolodziej.com\/domkopernika\/wp-json\/wp\/v2\/users\/4"}],"replies":[{"embeddable":true,"href":"https:\/\/www.krzysztofkolodziej.com\/domkopernika\/wp-json\/wp\/v2\/comments?post=36724"}],"version-history":[{"count":1,"href":"https:\/\/www.krzysztofkolodziej.com\/domkopernika\/wp-json\/wp\/v2\/posts\/36724\/revisions"}],"predecessor-version":[{"id":36738,"href":"https:\/\/www.krzysztofkolodziej.com\/domkopernika\/wp-json\/wp\/v2\/posts\/36724\/revisions\/36738"}],"wp:attachment":[{"href":"https:\/\/www.krzysztofkolodziej.com\/domkopernika\/wp-json\/wp\/v2\/media?parent=36724"}],"wp:term":[{"taxonomy":"category","embeddable":true,"href":"https:\/\/www.krzysztofkolodziej.com\/domkopernika\/wp-json\/wp\/v2\/categories?post=36724"},{"taxonomy":"post_tag","embeddable":true,"href":"https:\/\/www.krzysztofkolodziej.com\/domkopernika\/wp-json\/wp\/v2\/tags?post=36724"}],"curies":[{"name":"wp","href":"https:\/\/api.w.org\/{rel}","templated":true}]}}