{"id":36708,"date":"2024-11-19T15:42:16","date_gmt":"2024-11-19T14:42:16","guid":{"rendered":"https:\/\/www.krzysztofkolodziej.com\/domkopernika\/?p=36708"},"modified":"2024-11-20T15:45:18","modified_gmt":"2024-11-20T14:45:18","slug":"szkola-glowna-mikolaja-kopernika-laureatem-polskiej-nagrody-innowacyjnosci-2024","status":"publish","type":"post","link":"https:\/\/www.krzysztofkolodziej.com\/domkopernika\/technologia\/szkola-glowna-mikolaja-kopernika-laureatem-polskiej-nagrody-innowacyjnosci-2024\/","title":{"rendered":"Szko\u0142a G\u0142\u00f3wna Miko\u0142aja Kopernika laureatem Polskiej Nagrody Innowacyjno\u015bci 2024"},"content":{"rendered":"<div id=\"bsf_rt_marker\"><\/div>\n<p>W dniach 13\u201314 listopada 2024 roku w Centrum Konferencyjnym Fabryczna w Krakowie odby\u0142a si\u0119 <strong>XI edycja Polskiego Kongresu Przedsi\u0119biorczo\u015bci<\/strong>, jedno z najwa\u017cniejszych wydarze\u0144 gospodarczych w Polsce. Polski Kongres Przedsi\u0119biorczo\u015bci z udzia\u0142em czo\u0142owych przedstawicieli biznesu, nauki oraz administracji publicznej od lat stanowi przestrze\u0144 do dyskusji o przysz\u0142o\u015bci polskiej gospodarki, innowacjach i wsp\u00f3\u0142pracy mi\u0119dzynarodowej.<\/p>\n<p>Podczas jedenastej ju\u017c edycji kongresu Kapitu\u0142a Polskiej Agencji Przedsi\u0119biorczo\u015bci jednog\u0142o\u015bnie zdecydowa\u0142a o przyznaniu Polskiej Nagrody Innowacyjno\u015bci 2024 \u2013 Szkole G\u0142\u00f3wnej Miko\u0142aja Kopernika. Nasza Uczelnia zosta\u0142a uhonorowana tytu\u0142em \u201e<strong>Laureata Polskiej Nagrody Innowacyjno\u015bci 2024<\/strong>\u201d za innowacyjne wdro\u017cenia w obszarze kszta\u0142cenia i wsp\u00f3\u0142pracy z otoczeniem spo\u0142eczno-gospodarczym, a tak\u017ce za szczeg\u00f3lne zas\u0142ugi w rozwoju nauki, innowacyjno\u015bci w funkcjonowaniu publicznej instytucji naukowej, kreowaniu nowoczesnych rozwi\u0105za\u0144 oraz popularyzacji nauki polskiej.<\/p>\n<p><img fetchpriority=\"high\" decoding=\"async\" class=\"alignnone wp-image-20380\" src=\"https:\/\/www.krzysztofkolodziej.com\/domkopernika\/wp-content\/uploads\/2024\/11\/nagroda2-225x300-2.jpeg\" sizes=\"(max-width: 372px) 100vw, 372px\" srcset=\"https:\/\/www.krzysztofkolodziej.com\/domkopernika\/wp-content\/uploads\/2024\/11\/nagroda2-225x300-2.jpeg 225w, https:\/\/www.sgmk.edu.pl\/wp-content\/uploads\/2024\/11\/nagroda2-768x1024.jpeg 768w, https:\/\/www.sgmk.edu.pl\/wp-content\/uploads\/2024\/11\/nagroda2-1152x1536.jpeg 1152w, https:\/\/www.sgmk.edu.pl\/wp-content\/uploads\/2024\/11\/nagroda2.jpeg 1536w\" alt=\"\" width=\"372\" height=\"496\" \/><\/p>\n<p><strong>O Polskim Kongresie Przedsi\u0119biorczo\u015bci<\/strong><br \/>\nPolski Kongres Przedsi\u0119biorczo\u015bci, zainicjowany w 2013 roku, na sta\u0142e wpisa\u0142 si\u0119 w kalendarz najwa\u017cniejszych wydarze\u0144 gospodarczych w kraju i jest wa\u017cnym wydarzeniem do dyskusji o przysz\u0142o\u015bci polskiej gospodarki. Podczas tegorocznej edycji odby\u0142o si\u0119 kilkadziesi\u0105t paneli dyskusyjnych, kt\u00f3re obejmowa\u0142y kluczowe zagadnienia zwi\u0105zane z rozwojem gospodarczym, nauk\u0105, nowoczesnymi technologiami oraz innowacjami. W\u015br\u00f3d temat\u00f3w znalaz\u0142y si\u0119 kwestie zwi\u0105zane ze wdra\u017caniem innowacyjnych rozwi\u0105za\u0144 w gospodarce, mo\u017cliwo\u015bciami wsp\u00f3\u0142pracy mi\u0119dzynarodowej oraz wyzwaniami stoj\u0105cymi przed polskim biznesem i nauk\u0105.<\/p>\n","protected":false},"excerpt":{"rendered":"<p>W dniach 13\u201314 listopada 2024 roku w Centrum Konferencyjnym Fabryczna w Krakowie odby\u0142a si\u0119 XI edycja Polskiego Kongresu Przedsi\u0119biorczo\u015bci, jedno z najwa\u017cniejszych wydarze\u0144 gospodarczych w Polsce. Polski Kongres Przedsi\u0119biorczo\u015bci z&hellip;<\/p>\n","protected":false},"author":4,"featured_media":36709,"comment_status":"closed","ping_status":"closed","sticky":false,"template":"","format":"standard","meta":{"footnotes":""},"categories":[315],"tags":[],"class_list":["post-36708","post","type-post","status-publish","format-standard","has-post-thumbnail","hentry","category-technologia"],"yoast_head":"<!-- This site is optimized with the Yoast SEO plugin v27.5 - https:\/\/yoast.com\/product\/yoast-seo-wordpress\/ -->\n<title>Dom Kopernika - Szko\u0142a G\u0142\u00f3wna Miko\u0142aja Kopernika laureatem Polskiej Nagrody Innowacyjno\u015bci 2024<\/title>\n<meta name=\"robots\" content=\"noindex, follow\" \/>\n<meta property=\"og:locale\" content=\"pl_PL\" \/>\n<meta property=\"og:type\" content=\"article\" \/>\n<meta property=\"og:title\" content=\"Dom Kopernika - Szko\u0142a G\u0142\u00f3wna Miko\u0142aja Kopernika laureatem Polskiej Nagrody Innowacyjno\u015bci 2024\" \/>\n<meta property=\"og:description\" content=\"W dniach 13\u201314 listopada 2024 roku w Centrum Konferencyjnym Fabryczna w Krakowie odby\u0142a si\u0119 XI edycja Polskiego Kongresu Przedsi\u0119biorczo\u015bci, jedno z najwa\u017cniejszych wydarze\u0144 gospodarczych w Polsce. Polski Kongres Przedsi\u0119biorczo\u015bci z&hellip;\" \/>\n<meta property=\"og:url\" content=\"https:\/\/www.krzysztofkolodziej.com\/domkopernika\/technologia\/szkola-glowna-mikolaja-kopernika-laureatem-polskiej-nagrody-innowacyjnosci-2024\/\" \/>\n<meta property=\"og:site_name\" content=\"Dom Kopernika\" \/>\n<meta property=\"article:published_time\" content=\"2024-11-19T14:42:16+00:00\" \/>\n<meta property=\"article:modified_time\" content=\"2024-11-20T14:45:18+00:00\" \/>\n<meta property=\"og:image\" content=\"https:\/\/www.krzysztofkolodziej.com\/domkopernika\/wp-content\/uploads\/2024\/11\/nagroda2-225x300-2.jpeg\" \/>\n\t<meta property=\"og:image:width\" content=\"225\" \/>\n\t<meta property=\"og:image:height\" content=\"300\" \/>\n\t<meta property=\"og:image:type\" content=\"image\/jpeg\" \/>\n<meta name=\"author\" content=\"Krzysztof Ko\u0142odziej\" \/>\n<meta name=\"twitter:card\" content=\"summary_large_image\" \/>\n<meta name=\"twitter:label1\" content=\"Napisane przez\" \/>\n\t<meta name=\"twitter:data1\" content=\"Krzysztof Ko\u0142odziej\" \/>\n\t<meta name=\"twitter:label2\" content=\"Szacowany czas czytania\" \/>\n\t<meta name=\"twitter:data2\" content=\"2 minuty\" \/>\n<script type=\"application\/ld+json\" class=\"yoast-schema-graph\">{\"@context\":\"https:\\\/\\\/schema.org\",\"@graph\":[{\"@type\":\"NewsArticle\",\"@id\":\"https:\\\/\\\/www.krzysztofkolodziej.com\\\/domkopernika\\\/technologia\\\/szkola-glowna-mikolaja-kopernika-laureatem-polskiej-nagrody-innowacyjnosci-2024\\\/#article\",\"isPartOf\":{\"@id\":\"https:\\\/\\\/www.krzysztofkolodziej.com\\\/domkopernika\\\/technologia\\\/szkola-glowna-mikolaja-kopernika-laureatem-polskiej-nagrody-innowacyjnosci-2024\\\/\"},\"author\":{\"name\":\"Krzysztof Ko\u0142odziej\",\"@id\":\"https:\\\/\\\/www.krzysztofkolodziej.com\\\/domkopernika\\\/#\\\/schema\\\/person\\\/875cb93c53b4270be43f471e7ed855ae\"},\"headline\":\"Szko\u0142a G\u0142\u00f3wna Miko\u0142aja Kopernika laureatem Polskiej Nagrody Innowacyjno\u015bci 2024\",\"datePublished\":\"2024-11-19T14:42:16+00:00\",\"dateModified\":\"2024-11-20T14:45:18+00:00\",\"mainEntityOfPage\":{\"@id\":\"https:\\\/\\\/www.krzysztofkolodziej.com\\\/domkopernika\\\/technologia\\\/szkola-glowna-mikolaja-kopernika-laureatem-polskiej-nagrody-innowacyjnosci-2024\\\/\"},\"wordCount\":257,\"image\":{\"@id\":\"https:\\\/\\\/www.krzysztofkolodziej.com\\\/domkopernika\\\/technologia\\\/szkola-glowna-mikolaja-kopernika-laureatem-polskiej-nagrody-innowacyjnosci-2024\\\/#primaryimage\"},\"thumbnailUrl\":\"https:\\\/\\\/www.krzysztofkolodziej.com\\\/domkopernika\\\/wp-content\\\/uploads\\\/2024\\\/11\\\/nagroda2-225x300-2.jpeg\",\"articleSection\":[\"Technologia\"],\"inLanguage\":\"pl-PL\"},{\"@type\":\"WebPage\",\"@id\":\"https:\\\/\\\/www.krzysztofkolodziej.com\\\/domkopernika\\\/technologia\\\/szkola-glowna-mikolaja-kopernika-laureatem-polskiej-nagrody-innowacyjnosci-2024\\\/\",\"url\":\"https:\\\/\\\/www.krzysztofkolodziej.com\\\/domkopernika\\\/technologia\\\/szkola-glowna-mikolaja-kopernika-laureatem-polskiej-nagrody-innowacyjnosci-2024\\\/\",\"name\":\"Dom Kopernika - Szko\u0142a G\u0142\u00f3wna Miko\u0142aja Kopernika laureatem Polskiej Nagrody Innowacyjno\u015bci 2024\",\"isPartOf\":{\"@id\":\"https:\\\/\\\/www.krzysztofkolodziej.com\\\/domkopernika\\\/#website\"},\"primaryImageOfPage\":{\"@id\":\"https:\\\/\\\/www.krzysztofkolodziej.com\\\/domkopernika\\\/technologia\\\/szkola-glowna-mikolaja-kopernika-laureatem-polskiej-nagrody-innowacyjnosci-2024\\\/#primaryimage\"},\"image\":{\"@id\":\"https:\\\/\\\/www.krzysztofkolodziej.com\\\/domkopernika\\\/technologia\\\/szkola-glowna-mikolaja-kopernika-laureatem-polskiej-nagrody-innowacyjnosci-2024\\\/#primaryimage\"},\"thumbnailUrl\":\"https:\\\/\\\/www.krzysztofkolodziej.com\\\/domkopernika\\\/wp-content\\\/uploads\\\/2024\\\/11\\\/nagroda2-225x300-2.jpeg\",\"datePublished\":\"2024-11-19T14:42:16+00:00\",\"dateModified\":\"2024-11-20T14:45:18+00:00\",\"author\":{\"@id\":\"https:\\\/\\\/www.krzysztofkolodziej.com\\\/domkopernika\\\/#\\\/schema\\\/person\\\/875cb93c53b4270be43f471e7ed855ae\"},\"breadcrumb\":{\"@id\":\"https:\\\/\\\/www.krzysztofkolodziej.com\\\/domkopernika\\\/technologia\\\/szkola-glowna-mikolaja-kopernika-laureatem-polskiej-nagrody-innowacyjnosci-2024\\\/#breadcrumb\"},\"inLanguage\":\"pl-PL\",\"potentialAction\":[{\"@type\":\"ReadAction\",\"target\":[\"https:\\\/\\\/www.krzysztofkolodziej.com\\\/domkopernika\\\/technologia\\\/szkola-glowna-mikolaja-kopernika-laureatem-polskiej-nagrody-innowacyjnosci-2024\\\/\"]}]},{\"@type\":\"ImageObject\",\"inLanguage\":\"pl-PL\",\"@id\":\"https:\\\/\\\/www.krzysztofkolodziej.com\\\/domkopernika\\\/technologia\\\/szkola-glowna-mikolaja-kopernika-laureatem-polskiej-nagrody-innowacyjnosci-2024\\\/#primaryimage\",\"url\":\"https:\\\/\\\/www.krzysztofkolodziej.com\\\/domkopernika\\\/wp-content\\\/uploads\\\/2024\\\/11\\\/nagroda2-225x300-2.jpeg\",\"contentUrl\":\"https:\\\/\\\/www.krzysztofkolodziej.com\\\/domkopernika\\\/wp-content\\\/uploads\\\/2024\\\/11\\\/nagroda2-225x300-2.jpeg\",\"width\":225,\"height\":300},{\"@type\":\"BreadcrumbList\",\"@id\":\"https:\\\/\\\/www.krzysztofkolodziej.com\\\/domkopernika\\\/technologia\\\/szkola-glowna-mikolaja-kopernika-laureatem-polskiej-nagrody-innowacyjnosci-2024\\\/#breadcrumb\",\"itemListElement\":[{\"@type\":\"ListItem\",\"position\":1,\"name\":\"Strona g\u0142\u00f3wna\",\"item\":\"https:\\\/\\\/www.krzysztofkolodziej.com\\\/domkopernika\\\/\"},{\"@type\":\"ListItem\",\"position\":2,\"name\":\"Szko\u0142a G\u0142\u00f3wna Miko\u0142aja Kopernika laureatem Polskiej Nagrody Innowacyjno\u015bci 2024\"}]},{\"@type\":\"WebSite\",\"@id\":\"https:\\\/\\\/www.krzysztofkolodziej.com\\\/domkopernika\\\/#website\",\"url\":\"https:\\\/\\\/www.krzysztofkolodziej.com\\\/domkopernika\\\/\",\"name\":\"Dom Kopernika\",\"description\":\"\",\"potentialAction\":[{\"@type\":\"SearchAction\",\"target\":{\"@type\":\"EntryPoint\",\"urlTemplate\":\"https:\\\/\\\/www.krzysztofkolodziej.com\\\/domkopernika\\\/?s={search_term_string}\"},\"query-input\":{\"@type\":\"PropertyValueSpecification\",\"valueRequired\":true,\"valueName\":\"search_term_string\"}}],\"inLanguage\":\"pl-PL\"},{\"@type\":\"Person\",\"@id\":\"https:\\\/\\\/www.krzysztofkolodziej.com\\\/domkopernika\\\/#\\\/schema\\\/person\\\/875cb93c53b4270be43f471e7ed855ae\",\"name\":\"Krzysztof Ko\u0142odziej\",\"image\":{\"@type\":\"ImageObject\",\"inLanguage\":\"pl-PL\",\"@id\":\"https:\\\/\\\/secure.gravatar.com\\\/avatar\\\/fc642545621257206083f066631fe607f7feef26b40d4c54d8ce5bbd466fe17e?s=96&d=mm&r=g\",\"url\":\"https:\\\/\\\/secure.gravatar.com\\\/avatar\\\/fc642545621257206083f066631fe607f7feef26b40d4c54d8ce5bbd466fe17e?s=96&d=mm&r=g\",\"contentUrl\":\"https:\\\/\\\/secure.gravatar.com\\\/avatar\\\/fc642545621257206083f066631fe607f7feef26b40d4c54d8ce5bbd466fe17e?s=96&d=mm&r=g\",\"caption\":\"Krzysztof Ko\u0142odziej\"},\"url\":\"https:\\\/\\\/www.krzysztofkolodziej.com\\\/domkopernika\\\/author\\\/krzysztof-kolodziej\\\/\"}]}<\/script>\n<!-- \/ Yoast SEO plugin. -->","yoast_head_json":{"title":"Dom Kopernika - Szko\u0142a G\u0142\u00f3wna Miko\u0142aja Kopernika laureatem Polskiej Nagrody Innowacyjno\u015bci 2024","robots":{"index":"noindex","follow":"follow"},"og_locale":"pl_PL","og_type":"article","og_title":"Dom Kopernika - Szko\u0142a G\u0142\u00f3wna Miko\u0142aja Kopernika laureatem Polskiej Nagrody Innowacyjno\u015bci 2024","og_description":"W dniach 13\u201314 listopada 2024 roku w Centrum Konferencyjnym Fabryczna w Krakowie odby\u0142a si\u0119 XI edycja Polskiego Kongresu Przedsi\u0119biorczo\u015bci, jedno z najwa\u017cniejszych wydarze\u0144 gospodarczych w Polsce. Polski Kongres Przedsi\u0119biorczo\u015bci z&hellip;","og_url":"https:\/\/www.krzysztofkolodziej.com\/domkopernika\/technologia\/szkola-glowna-mikolaja-kopernika-laureatem-polskiej-nagrody-innowacyjnosci-2024\/","og_site_name":"Dom Kopernika","article_published_time":"2024-11-19T14:42:16+00:00","article_modified_time":"2024-11-20T14:45:18+00:00","og_image":[{"width":225,"height":300,"url":"https:\/\/www.krzysztofkolodziej.com\/domkopernika\/wp-content\/uploads\/2024\/11\/nagroda2-225x300-2.jpeg","type":"image\/jpeg"}],"author":"Krzysztof Ko\u0142odziej","twitter_card":"summary_large_image","twitter_misc":{"Napisane przez":"Krzysztof Ko\u0142odziej","Szacowany czas czytania":"2 minuty"},"schema":{"@context":"https:\/\/schema.org","@graph":[{"@type":"NewsArticle","@id":"https:\/\/www.krzysztofkolodziej.com\/domkopernika\/technologia\/szkola-glowna-mikolaja-kopernika-laureatem-polskiej-nagrody-innowacyjnosci-2024\/#article","isPartOf":{"@id":"https:\/\/www.krzysztofkolodziej.com\/domkopernika\/technologia\/szkola-glowna-mikolaja-kopernika-laureatem-polskiej-nagrody-innowacyjnosci-2024\/"},"author":{"name":"Krzysztof Ko\u0142odziej","@id":"https:\/\/www.krzysztofkolodziej.com\/domkopernika\/#\/schema\/person\/875cb93c53b4270be43f471e7ed855ae"},"headline":"Szko\u0142a G\u0142\u00f3wna Miko\u0142aja Kopernika laureatem Polskiej Nagrody Innowacyjno\u015bci 2024","datePublished":"2024-11-19T14:42:16+00:00","dateModified":"2024-11-20T14:45:18+00:00","mainEntityOfPage":{"@id":"https:\/\/www.krzysztofkolodziej.com\/domkopernika\/technologia\/szkola-glowna-mikolaja-kopernika-laureatem-polskiej-nagrody-innowacyjnosci-2024\/"},"wordCount":257,"image":{"@id":"https:\/\/www.krzysztofkolodziej.com\/domkopernika\/technologia\/szkola-glowna-mikolaja-kopernika-laureatem-polskiej-nagrody-innowacyjnosci-2024\/#primaryimage"},"thumbnailUrl":"https:\/\/www.krzysztofkolodziej.com\/domkopernika\/wp-content\/uploads\/2024\/11\/nagroda2-225x300-2.jpeg","articleSection":["Technologia"],"inLanguage":"pl-PL"},{"@type":"WebPage","@id":"https:\/\/www.krzysztofkolodziej.com\/domkopernika\/technologia\/szkola-glowna-mikolaja-kopernika-laureatem-polskiej-nagrody-innowacyjnosci-2024\/","url":"https:\/\/www.krzysztofkolodziej.com\/domkopernika\/technologia\/szkola-glowna-mikolaja-kopernika-laureatem-polskiej-nagrody-innowacyjnosci-2024\/","name":"Dom Kopernika - Szko\u0142a G\u0142\u00f3wna Miko\u0142aja Kopernika laureatem Polskiej Nagrody Innowacyjno\u015bci 2024","isPartOf":{"@id":"https:\/\/www.krzysztofkolodziej.com\/domkopernika\/#website"},"primaryImageOfPage":{"@id":"https:\/\/www.krzysztofkolodziej.com\/domkopernika\/technologia\/szkola-glowna-mikolaja-kopernika-laureatem-polskiej-nagrody-innowacyjnosci-2024\/#primaryimage"},"image":{"@id":"https:\/\/www.krzysztofkolodziej.com\/domkopernika\/technologia\/szkola-glowna-mikolaja-kopernika-laureatem-polskiej-nagrody-innowacyjnosci-2024\/#primaryimage"},"thumbnailUrl":"https:\/\/www.krzysztofkolodziej.com\/domkopernika\/wp-content\/uploads\/2024\/11\/nagroda2-225x300-2.jpeg","datePublished":"2024-11-19T14:42:16+00:00","dateModified":"2024-11-20T14:45:18+00:00","author":{"@id":"https:\/\/www.krzysztofkolodziej.com\/domkopernika\/#\/schema\/person\/875cb93c53b4270be43f471e7ed855ae"},"breadcrumb":{"@id":"https:\/\/www.krzysztofkolodziej.com\/domkopernika\/technologia\/szkola-glowna-mikolaja-kopernika-laureatem-polskiej-nagrody-innowacyjnosci-2024\/#breadcrumb"},"inLanguage":"pl-PL","potentialAction":[{"@type":"ReadAction","target":["https:\/\/www.krzysztofkolodziej.com\/domkopernika\/technologia\/szkola-glowna-mikolaja-kopernika-laureatem-polskiej-nagrody-innowacyjnosci-2024\/"]}]},{"@type":"ImageObject","inLanguage":"pl-PL","@id":"https:\/\/www.krzysztofkolodziej.com\/domkopernika\/technologia\/szkola-glowna-mikolaja-kopernika-laureatem-polskiej-nagrody-innowacyjnosci-2024\/#primaryimage","url":"https:\/\/www.krzysztofkolodziej.com\/domkopernika\/wp-content\/uploads\/2024\/11\/nagroda2-225x300-2.jpeg","contentUrl":"https:\/\/www.krzysztofkolodziej.com\/domkopernika\/wp-content\/uploads\/2024\/11\/nagroda2-225x300-2.jpeg","width":225,"height":300},{"@type":"BreadcrumbList","@id":"https:\/\/www.krzysztofkolodziej.com\/domkopernika\/technologia\/szkola-glowna-mikolaja-kopernika-laureatem-polskiej-nagrody-innowacyjnosci-2024\/#breadcrumb","itemListElement":[{"@type":"ListItem","position":1,"name":"Strona g\u0142\u00f3wna","item":"https:\/\/www.krzysztofkolodziej.com\/domkopernika\/"},{"@type":"ListItem","position":2,"name":"Szko\u0142a G\u0142\u00f3wna Miko\u0142aja Kopernika laureatem Polskiej Nagrody Innowacyjno\u015bci 2024"}]},{"@type":"WebSite","@id":"https:\/\/www.krzysztofkolodziej.com\/domkopernika\/#website","url":"https:\/\/www.krzysztofkolodziej.com\/domkopernika\/","name":"Dom Kopernika","description":"","potentialAction":[{"@type":"SearchAction","target":{"@type":"EntryPoint","urlTemplate":"https:\/\/www.krzysztofkolodziej.com\/domkopernika\/?s={search_term_string}"},"query-input":{"@type":"PropertyValueSpecification","valueRequired":true,"valueName":"search_term_string"}}],"inLanguage":"pl-PL"},{"@type":"Person","@id":"https:\/\/www.krzysztofkolodziej.com\/domkopernika\/#\/schema\/person\/875cb93c53b4270be43f471e7ed855ae","name":"Krzysztof Ko\u0142odziej","image":{"@type":"ImageObject","inLanguage":"pl-PL","@id":"https:\/\/secure.gravatar.com\/avatar\/fc642545621257206083f066631fe607f7feef26b40d4c54d8ce5bbd466fe17e?s=96&d=mm&r=g","url":"https:\/\/secure.gravatar.com\/avatar\/fc642545621257206083f066631fe607f7feef26b40d4c54d8ce5bbd466fe17e?s=96&d=mm&r=g","contentUrl":"https:\/\/secure.gravatar.com\/avatar\/fc642545621257206083f066631fe607f7feef26b40d4c54d8ce5bbd466fe17e?s=96&d=mm&r=g","caption":"Krzysztof Ko\u0142odziej"},"url":"https:\/\/www.krzysztofkolodziej.com\/domkopernika\/author\/krzysztof-kolodziej\/"}]}},"_links":{"self":[{"href":"https:\/\/www.krzysztofkolodziej.com\/domkopernika\/wp-json\/wp\/v2\/posts\/36708","targetHints":{"allow":["GET"]}}],"collection":[{"href":"https:\/\/www.krzysztofkolodziej.com\/domkopernika\/wp-json\/wp\/v2\/posts"}],"about":[{"href":"https:\/\/www.krzysztofkolodziej.com\/domkopernika\/wp-json\/wp\/v2\/types\/post"}],"author":[{"embeddable":true,"href":"https:\/\/www.krzysztofkolodziej.com\/domkopernika\/wp-json\/wp\/v2\/users\/4"}],"replies":[{"embeddable":true,"href":"https:\/\/www.krzysztofkolodziej.com\/domkopernika\/wp-json\/wp\/v2\/comments?post=36708"}],"version-history":[{"count":2,"href":"https:\/\/www.krzysztofkolodziej.com\/domkopernika\/wp-json\/wp\/v2\/posts\/36708\/revisions"}],"predecessor-version":[{"id":36717,"href":"https:\/\/www.krzysztofkolodziej.com\/domkopernika\/wp-json\/wp\/v2\/posts\/36708\/revisions\/36717"}],"wp:featuredmedia":[{"embeddable":true,"href":"https:\/\/www.krzysztofkolodziej.com\/domkopernika\/wp-json\/wp\/v2\/media\/36709"}],"wp:attachment":[{"href":"https:\/\/www.krzysztofkolodziej.com\/domkopernika\/wp-json\/wp\/v2\/media?parent=36708"}],"wp:term":[{"taxonomy":"category","embeddable":true,"href":"https:\/\/www.krzysztofkolodziej.com\/domkopernika\/wp-json\/wp\/v2\/categories?post=36708"},{"taxonomy":"post_tag","embeddable":true,"href":"https:\/\/www.krzysztofkolodziej.com\/domkopernika\/wp-json\/wp\/v2\/tags?post=36708"}],"curies":[{"name":"wp","href":"https:\/\/api.w.org\/{rel}","templated":true}]}}