{"id":36705,"date":"2024-11-18T12:05:04","date_gmt":"2024-11-18T11:05:04","guid":{"rendered":"https:\/\/www.krzysztofkolodziej.com\/domkopernika\/?p=36705"},"modified":"2024-11-29T19:12:08","modified_gmt":"2024-11-29T18:12:08","slug":"bursztyn-z-antarktydy","status":"publish","type":"post","link":"https:\/\/www.krzysztofkolodziej.com\/domkopernika\/nauki-przyrodnicze\/bursztyn-z-antarktydy\/","title":{"rendered":"Bursztyn z Antarktydy"},"content":{"rendered":"<div>\n<div id=\"bsf_rt_marker\"><\/div>\n<p>Antarktyda, kontynent skrywaj\u0105cy pod lodem tajemnice milion\u00f3w lat, przynios\u0142a kolejne zaskakuj\u0105ce odkrycie. Niemieccy i brytyjscy naukowcy opisali pierwszy bursztyn znaleziony na tym mro\u017anym kontynencie. Znalezisko potwierdza, \u017ce 90 milion\u00f3w lat temu na biegunie po\u0142udniowym r\u00f3s\u0142 las.<\/p>\n<p><strong>Bursztyn z g\u0142\u0119bin<\/strong><br \/>\nEkspedycja badawcza na lodo\u0142amaczu <strong>Polarstern<\/strong> w 2017 roku, prowadzona przez naukowc\u00f3w z Alfred Wegener Institute i TU Bergakademie Freiberg, wydoby\u0142a rdze\u0144 z g\u0142\u0119boko\u015bci 946 metr\u00f3w w zatoce Pine Island. To w\u0142a\u015bnie w tym rdzeniu odkryto malutkie kawa\u0142ki bursztynu, mierz\u0105ce od 0,5 do 1 milimetra. Znalezisko to zosta\u0142o opisane w czasopi\u015bmie \u201eAntarctic Science\u201d.<\/p>\n<p>\u2013 Analizowane fragmenty bursztynu pozwalaj\u0105 na bezpo\u015bredni wgl\u0105d w warunki \u015brodowiskowe panuj\u0105ce na Antarktydzie Zachodniej 90 milion\u00f3w lat temu \u2013 m\u00f3wi Johann Klages, g\u0142\u00f3wny autor badania.<\/p>\n<p><img fetchpriority=\"high\" decoding=\"async\" class=\"alignnone wp-image-20329\" src=\"https:\/\/www.krzysztofkolodziej.com\/domkopernika\/wp-content\/uploads\/2024\/11\/xBursztynAntarktyda.jpg.pagespeed.ic_.wIFMA3pVud-300x224-1.jpg\" sizes=\"(max-width: 805px) 100vw, 805px\" srcset=\"https:\/\/www.krzysztofkolodziej.com\/domkopernika\/wp-content\/uploads\/2024\/11\/xBursztynAntarktyda.jpg.pagespeed.ic_.wIFMA3pVud-300x224-1.jpg 300w, https:\/\/www.sgmk.edu.pl\/wp-content\/uploads\/2024\/11\/xBursztynAntarktyda.jpg.pagespeed.ic_.wIFMA3pVud-768x573.jpg 768w, https:\/\/www.sgmk.edu.pl\/wp-content\/uploads\/2024\/11\/xBursztynAntarktyda.jpg.pagespeed.ic_.wIFMA3pVud.jpg 900w\" alt=\"\" width=\"805\" height=\"601\" \/><\/p>\n<p><strong>Lasy deszczowe na Antarktydzie<br \/>\n<\/strong>Badania nad bursztynem \u0142\u0105cz\u0105 si\u0119 z wcze\u015bniejszymi odkryciami wskazuj\u0105cymi na istnienie las\u00f3w deszczowych w okresie kredy. Analiza le\u015bnej gleby z tamtych czas\u00f3w, zachowanych korzeni, py\u0142k\u00f3w i zarodnik\u00f3w pokaza\u0142a, \u017ce klimat w tym rejonie by\u0142 niegdy\u015b znacznie cieplejszy, umo\u017cliwiaj\u0105c rozw\u00f3j ekosystem\u00f3w takich jak lasy deszczowe.<\/p>\n<p>\u2013 Odkrycie bursztynu ods\u0142ania staro\u017cytny ekosystem, kt\u00f3ry prosperowa\u0142 w ciep\u0142ych i wilgotnych warunkach, wystarczaj\u0105cych do wzrostu drzew produkuj\u0105cych \u017cywic\u0119 \u2013 dodaje Klages.<\/p>\n<p>Bursztyn z Antarktydy, cho\u0107 niewielki, zawiera mikroinkluzje \u2013 pozosta\u0142o\u015bci oryginalnej kory drzewa. Jego wysoka jako\u015b\u0107 sugeruje, \u017ce zosta\u0142 szybko zakopany, co uchroni\u0142o go przed rozk\u0142adem. Naukowcy przypuszczaj\u0105, \u017ce \u017cywica mog\u0142a zosta\u0107 wydzielona w reakcji na po\u017car lasu.<\/p>\n<p>\u2013 To kolejne odkrycie, kt\u00f3re przybli\u017ca nas do zrozumienia bagiennych, bogatych w drzewa iglaste las\u00f3w deszczowych strefy umiarkowanej w pobli\u017cu bieguna po\u0142udniowego \u2013 podkre\u015bla Henny Gerschel z TU Bergakademie Freiberg.<\/p>\n<p>\u0179r\u00f3d\u0142a: Helmholtz Association of German Research Centres, Science Alert, Antarctic Science. Fot. Alfred Wegener Institute \/ V. Schumacher<\/p>\n<p>Artyku\u0142 <a href=\"https:\/\/www.sgmk.edu.pl\/bursztyn-z-antarktydy\/\">Bursztyn z Antarktydy<\/a> pochodzi z serwisu <a href=\"https:\/\/www.sgmk.edu.pl\/\">Szko\u0142a G\u0142\u00f3wna Miko\u0142aja Kopernika<\/a>.<\/p>\n<\/div>\n","protected":false},"excerpt":{"rendered":"<p>Antarktyda, kontynent skrywaj\u0105cy pod lodem tajemnice milion\u00f3w lat, przynios\u0142a kolejne zaskakuj\u0105ce odkrycie. Niemieccy i brytyjscy naukowcy opisali pierwszy bursztyn znaleziony na tym mro\u017anym kontynencie. Znalezisko potwierdza, \u017ce 90 milion\u00f3w lat&hellip;<\/p>\n","protected":false},"author":4,"featured_media":36706,"comment_status":"closed","ping_status":"closed","sticky":false,"template":"","format":"standard","meta":{"footnotes":""},"categories":[312],"tags":[],"class_list":["post-36705","post","type-post","status-publish","format-standard","has-post-thumbnail","hentry","category-nauki-przyrodnicze"],"yoast_head":"<!-- This site is optimized with the Yoast SEO plugin v27.5 - https:\/\/yoast.com\/product\/yoast-seo-wordpress\/ -->\n<title>Dom Kopernika - Bursztyn z Antarktydy<\/title>\n<meta name=\"robots\" content=\"noindex, follow\" \/>\n<meta property=\"og:locale\" content=\"pl_PL\" \/>\n<meta property=\"og:type\" content=\"article\" \/>\n<meta property=\"og:title\" content=\"Dom Kopernika - Bursztyn z Antarktydy\" \/>\n<meta property=\"og:description\" content=\"Antarktyda, kontynent skrywaj\u0105cy pod lodem tajemnice milion\u00f3w lat, przynios\u0142a kolejne zaskakuj\u0105ce odkrycie. Niemieccy i brytyjscy naukowcy opisali pierwszy bursztyn znaleziony na tym mro\u017anym kontynencie. Znalezisko potwierdza, \u017ce 90 milion\u00f3w lat&hellip;\" \/>\n<meta property=\"og:url\" content=\"https:\/\/www.krzysztofkolodziej.com\/domkopernika\/nauki-przyrodnicze\/bursztyn-z-antarktydy\/\" \/>\n<meta property=\"og:site_name\" content=\"Dom Kopernika\" \/>\n<meta property=\"article:published_time\" content=\"2024-11-18T11:05:04+00:00\" \/>\n<meta property=\"article:modified_time\" content=\"2024-11-29T18:12:08+00:00\" \/>\n<meta property=\"og:image\" content=\"https:\/\/www.krzysztofkolodziej.com\/domkopernika\/wp-content\/uploads\/2024\/11\/xBursztynAntarktyda.jpg.pagespeed.ic_.wIFMA3pVud-300x224-1.jpg\" \/>\n\t<meta property=\"og:image:width\" content=\"300\" \/>\n\t<meta property=\"og:image:height\" content=\"224\" \/>\n\t<meta property=\"og:image:type\" content=\"image\/jpeg\" \/>\n<meta name=\"author\" content=\"Krzysztof Ko\u0142odziej\" \/>\n<meta name=\"twitter:card\" content=\"summary_large_image\" \/>\n<meta name=\"twitter:label1\" content=\"Napisane przez\" \/>\n\t<meta name=\"twitter:data1\" content=\"Krzysztof Ko\u0142odziej\" \/>\n\t<meta name=\"twitter:label2\" content=\"Szacowany czas czytania\" \/>\n\t<meta name=\"twitter:data2\" content=\"3 minuty\" \/>\n<script type=\"application\/ld+json\" class=\"yoast-schema-graph\">{\"@context\":\"https:\\\/\\\/schema.org\",\"@graph\":[{\"@type\":\"NewsArticle\",\"@id\":\"https:\\\/\\\/www.krzysztofkolodziej.com\\\/domkopernika\\\/nauki-przyrodnicze\\\/bursztyn-z-antarktydy\\\/#article\",\"isPartOf\":{\"@id\":\"https:\\\/\\\/www.krzysztofkolodziej.com\\\/domkopernika\\\/nauki-przyrodnicze\\\/bursztyn-z-antarktydy\\\/\"},\"author\":{\"name\":\"Krzysztof Ko\u0142odziej\",\"@id\":\"https:\\\/\\\/www.krzysztofkolodziej.com\\\/domkopernika\\\/#\\\/schema\\\/person\\\/875cb93c53b4270be43f471e7ed855ae\"},\"headline\":\"Bursztyn z Antarktydy\",\"datePublished\":\"2024-11-18T11:05:04+00:00\",\"dateModified\":\"2024-11-29T18:12:08+00:00\",\"mainEntityOfPage\":{\"@id\":\"https:\\\/\\\/www.krzysztofkolodziej.com\\\/domkopernika\\\/nauki-przyrodnicze\\\/bursztyn-z-antarktydy\\\/\"},\"wordCount\":335,\"image\":{\"@id\":\"https:\\\/\\\/www.krzysztofkolodziej.com\\\/domkopernika\\\/nauki-przyrodnicze\\\/bursztyn-z-antarktydy\\\/#primaryimage\"},\"thumbnailUrl\":\"https:\\\/\\\/www.krzysztofkolodziej.com\\\/domkopernika\\\/wp-content\\\/uploads\\\/2024\\\/11\\\/xBursztynAntarktyda.jpg.pagespeed.ic_.wIFMA3pVud-300x224-1.jpg\",\"articleSection\":[\"Nauki przyrodnicze\"],\"inLanguage\":\"pl-PL\"},{\"@type\":\"WebPage\",\"@id\":\"https:\\\/\\\/www.krzysztofkolodziej.com\\\/domkopernika\\\/nauki-przyrodnicze\\\/bursztyn-z-antarktydy\\\/\",\"url\":\"https:\\\/\\\/www.krzysztofkolodziej.com\\\/domkopernika\\\/nauki-przyrodnicze\\\/bursztyn-z-antarktydy\\\/\",\"name\":\"Dom Kopernika - Bursztyn z Antarktydy\",\"isPartOf\":{\"@id\":\"https:\\\/\\\/www.krzysztofkolodziej.com\\\/domkopernika\\\/#website\"},\"primaryImageOfPage\":{\"@id\":\"https:\\\/\\\/www.krzysztofkolodziej.com\\\/domkopernika\\\/nauki-przyrodnicze\\\/bursztyn-z-antarktydy\\\/#primaryimage\"},\"image\":{\"@id\":\"https:\\\/\\\/www.krzysztofkolodziej.com\\\/domkopernika\\\/nauki-przyrodnicze\\\/bursztyn-z-antarktydy\\\/#primaryimage\"},\"thumbnailUrl\":\"https:\\\/\\\/www.krzysztofkolodziej.com\\\/domkopernika\\\/wp-content\\\/uploads\\\/2024\\\/11\\\/xBursztynAntarktyda.jpg.pagespeed.ic_.wIFMA3pVud-300x224-1.jpg\",\"datePublished\":\"2024-11-18T11:05:04+00:00\",\"dateModified\":\"2024-11-29T18:12:08+00:00\",\"author\":{\"@id\":\"https:\\\/\\\/www.krzysztofkolodziej.com\\\/domkopernika\\\/#\\\/schema\\\/person\\\/875cb93c53b4270be43f471e7ed855ae\"},\"breadcrumb\":{\"@id\":\"https:\\\/\\\/www.krzysztofkolodziej.com\\\/domkopernika\\\/nauki-przyrodnicze\\\/bursztyn-z-antarktydy\\\/#breadcrumb\"},\"inLanguage\":\"pl-PL\",\"potentialAction\":[{\"@type\":\"ReadAction\",\"target\":[\"https:\\\/\\\/www.krzysztofkolodziej.com\\\/domkopernika\\\/nauki-przyrodnicze\\\/bursztyn-z-antarktydy\\\/\"]}]},{\"@type\":\"ImageObject\",\"inLanguage\":\"pl-PL\",\"@id\":\"https:\\\/\\\/www.krzysztofkolodziej.com\\\/domkopernika\\\/nauki-przyrodnicze\\\/bursztyn-z-antarktydy\\\/#primaryimage\",\"url\":\"https:\\\/\\\/www.krzysztofkolodziej.com\\\/domkopernika\\\/wp-content\\\/uploads\\\/2024\\\/11\\\/xBursztynAntarktyda.jpg.pagespeed.ic_.wIFMA3pVud-300x224-1.jpg\",\"contentUrl\":\"https:\\\/\\\/www.krzysztofkolodziej.com\\\/domkopernika\\\/wp-content\\\/uploads\\\/2024\\\/11\\\/xBursztynAntarktyda.jpg.pagespeed.ic_.wIFMA3pVud-300x224-1.jpg\",\"width\":300,\"height\":224},{\"@type\":\"BreadcrumbList\",\"@id\":\"https:\\\/\\\/www.krzysztofkolodziej.com\\\/domkopernika\\\/nauki-przyrodnicze\\\/bursztyn-z-antarktydy\\\/#breadcrumb\",\"itemListElement\":[{\"@type\":\"ListItem\",\"position\":1,\"name\":\"Strona g\u0142\u00f3wna\",\"item\":\"https:\\\/\\\/www.krzysztofkolodziej.com\\\/domkopernika\\\/\"},{\"@type\":\"ListItem\",\"position\":2,\"name\":\"Bursztyn z Antarktydy\"}]},{\"@type\":\"WebSite\",\"@id\":\"https:\\\/\\\/www.krzysztofkolodziej.com\\\/domkopernika\\\/#website\",\"url\":\"https:\\\/\\\/www.krzysztofkolodziej.com\\\/domkopernika\\\/\",\"name\":\"Dom Kopernika\",\"description\":\"\",\"potentialAction\":[{\"@type\":\"SearchAction\",\"target\":{\"@type\":\"EntryPoint\",\"urlTemplate\":\"https:\\\/\\\/www.krzysztofkolodziej.com\\\/domkopernika\\\/?s={search_term_string}\"},\"query-input\":{\"@type\":\"PropertyValueSpecification\",\"valueRequired\":true,\"valueName\":\"search_term_string\"}}],\"inLanguage\":\"pl-PL\"},{\"@type\":\"Person\",\"@id\":\"https:\\\/\\\/www.krzysztofkolodziej.com\\\/domkopernika\\\/#\\\/schema\\\/person\\\/875cb93c53b4270be43f471e7ed855ae\",\"name\":\"Krzysztof Ko\u0142odziej\",\"image\":{\"@type\":\"ImageObject\",\"inLanguage\":\"pl-PL\",\"@id\":\"https:\\\/\\\/secure.gravatar.com\\\/avatar\\\/fc642545621257206083f066631fe607f7feef26b40d4c54d8ce5bbd466fe17e?s=96&d=mm&r=g\",\"url\":\"https:\\\/\\\/secure.gravatar.com\\\/avatar\\\/fc642545621257206083f066631fe607f7feef26b40d4c54d8ce5bbd466fe17e?s=96&d=mm&r=g\",\"contentUrl\":\"https:\\\/\\\/secure.gravatar.com\\\/avatar\\\/fc642545621257206083f066631fe607f7feef26b40d4c54d8ce5bbd466fe17e?s=96&d=mm&r=g\",\"caption\":\"Krzysztof Ko\u0142odziej\"},\"url\":\"https:\\\/\\\/www.krzysztofkolodziej.com\\\/domkopernika\\\/author\\\/krzysztof-kolodziej\\\/\"}]}<\/script>\n<!-- \/ Yoast SEO plugin. -->","yoast_head_json":{"title":"Dom Kopernika - Bursztyn z Antarktydy","robots":{"index":"noindex","follow":"follow"},"og_locale":"pl_PL","og_type":"article","og_title":"Dom Kopernika - Bursztyn z Antarktydy","og_description":"Antarktyda, kontynent skrywaj\u0105cy pod lodem tajemnice milion\u00f3w lat, przynios\u0142a kolejne zaskakuj\u0105ce odkrycie. Niemieccy i brytyjscy naukowcy opisali pierwszy bursztyn znaleziony na tym mro\u017anym kontynencie. Znalezisko potwierdza, \u017ce 90 milion\u00f3w lat&hellip;","og_url":"https:\/\/www.krzysztofkolodziej.com\/domkopernika\/nauki-przyrodnicze\/bursztyn-z-antarktydy\/","og_site_name":"Dom Kopernika","article_published_time":"2024-11-18T11:05:04+00:00","article_modified_time":"2024-11-29T18:12:08+00:00","og_image":[{"width":300,"height":224,"url":"https:\/\/www.krzysztofkolodziej.com\/domkopernika\/wp-content\/uploads\/2024\/11\/xBursztynAntarktyda.jpg.pagespeed.ic_.wIFMA3pVud-300x224-1.jpg","type":"image\/jpeg"}],"author":"Krzysztof Ko\u0142odziej","twitter_card":"summary_large_image","twitter_misc":{"Napisane przez":"Krzysztof Ko\u0142odziej","Szacowany czas czytania":"3 minuty"},"schema":{"@context":"https:\/\/schema.org","@graph":[{"@type":"NewsArticle","@id":"https:\/\/www.krzysztofkolodziej.com\/domkopernika\/nauki-przyrodnicze\/bursztyn-z-antarktydy\/#article","isPartOf":{"@id":"https:\/\/www.krzysztofkolodziej.com\/domkopernika\/nauki-przyrodnicze\/bursztyn-z-antarktydy\/"},"author":{"name":"Krzysztof Ko\u0142odziej","@id":"https:\/\/www.krzysztofkolodziej.com\/domkopernika\/#\/schema\/person\/875cb93c53b4270be43f471e7ed855ae"},"headline":"Bursztyn z Antarktydy","datePublished":"2024-11-18T11:05:04+00:00","dateModified":"2024-11-29T18:12:08+00:00","mainEntityOfPage":{"@id":"https:\/\/www.krzysztofkolodziej.com\/domkopernika\/nauki-przyrodnicze\/bursztyn-z-antarktydy\/"},"wordCount":335,"image":{"@id":"https:\/\/www.krzysztofkolodziej.com\/domkopernika\/nauki-przyrodnicze\/bursztyn-z-antarktydy\/#primaryimage"},"thumbnailUrl":"https:\/\/www.krzysztofkolodziej.com\/domkopernika\/wp-content\/uploads\/2024\/11\/xBursztynAntarktyda.jpg.pagespeed.ic_.wIFMA3pVud-300x224-1.jpg","articleSection":["Nauki przyrodnicze"],"inLanguage":"pl-PL"},{"@type":"WebPage","@id":"https:\/\/www.krzysztofkolodziej.com\/domkopernika\/nauki-przyrodnicze\/bursztyn-z-antarktydy\/","url":"https:\/\/www.krzysztofkolodziej.com\/domkopernika\/nauki-przyrodnicze\/bursztyn-z-antarktydy\/","name":"Dom Kopernika - Bursztyn z Antarktydy","isPartOf":{"@id":"https:\/\/www.krzysztofkolodziej.com\/domkopernika\/#website"},"primaryImageOfPage":{"@id":"https:\/\/www.krzysztofkolodziej.com\/domkopernika\/nauki-przyrodnicze\/bursztyn-z-antarktydy\/#primaryimage"},"image":{"@id":"https:\/\/www.krzysztofkolodziej.com\/domkopernika\/nauki-przyrodnicze\/bursztyn-z-antarktydy\/#primaryimage"},"thumbnailUrl":"https:\/\/www.krzysztofkolodziej.com\/domkopernika\/wp-content\/uploads\/2024\/11\/xBursztynAntarktyda.jpg.pagespeed.ic_.wIFMA3pVud-300x224-1.jpg","datePublished":"2024-11-18T11:05:04+00:00","dateModified":"2024-11-29T18:12:08+00:00","author":{"@id":"https:\/\/www.krzysztofkolodziej.com\/domkopernika\/#\/schema\/person\/875cb93c53b4270be43f471e7ed855ae"},"breadcrumb":{"@id":"https:\/\/www.krzysztofkolodziej.com\/domkopernika\/nauki-przyrodnicze\/bursztyn-z-antarktydy\/#breadcrumb"},"inLanguage":"pl-PL","potentialAction":[{"@type":"ReadAction","target":["https:\/\/www.krzysztofkolodziej.com\/domkopernika\/nauki-przyrodnicze\/bursztyn-z-antarktydy\/"]}]},{"@type":"ImageObject","inLanguage":"pl-PL","@id":"https:\/\/www.krzysztofkolodziej.com\/domkopernika\/nauki-przyrodnicze\/bursztyn-z-antarktydy\/#primaryimage","url":"https:\/\/www.krzysztofkolodziej.com\/domkopernika\/wp-content\/uploads\/2024\/11\/xBursztynAntarktyda.jpg.pagespeed.ic_.wIFMA3pVud-300x224-1.jpg","contentUrl":"https:\/\/www.krzysztofkolodziej.com\/domkopernika\/wp-content\/uploads\/2024\/11\/xBursztynAntarktyda.jpg.pagespeed.ic_.wIFMA3pVud-300x224-1.jpg","width":300,"height":224},{"@type":"BreadcrumbList","@id":"https:\/\/www.krzysztofkolodziej.com\/domkopernika\/nauki-przyrodnicze\/bursztyn-z-antarktydy\/#breadcrumb","itemListElement":[{"@type":"ListItem","position":1,"name":"Strona g\u0142\u00f3wna","item":"https:\/\/www.krzysztofkolodziej.com\/domkopernika\/"},{"@type":"ListItem","position":2,"name":"Bursztyn z Antarktydy"}]},{"@type":"WebSite","@id":"https:\/\/www.krzysztofkolodziej.com\/domkopernika\/#website","url":"https:\/\/www.krzysztofkolodziej.com\/domkopernika\/","name":"Dom Kopernika","description":"","potentialAction":[{"@type":"SearchAction","target":{"@type":"EntryPoint","urlTemplate":"https:\/\/www.krzysztofkolodziej.com\/domkopernika\/?s={search_term_string}"},"query-input":{"@type":"PropertyValueSpecification","valueRequired":true,"valueName":"search_term_string"}}],"inLanguage":"pl-PL"},{"@type":"Person","@id":"https:\/\/www.krzysztofkolodziej.com\/domkopernika\/#\/schema\/person\/875cb93c53b4270be43f471e7ed855ae","name":"Krzysztof Ko\u0142odziej","image":{"@type":"ImageObject","inLanguage":"pl-PL","@id":"https:\/\/secure.gravatar.com\/avatar\/fc642545621257206083f066631fe607f7feef26b40d4c54d8ce5bbd466fe17e?s=96&d=mm&r=g","url":"https:\/\/secure.gravatar.com\/avatar\/fc642545621257206083f066631fe607f7feef26b40d4c54d8ce5bbd466fe17e?s=96&d=mm&r=g","contentUrl":"https:\/\/secure.gravatar.com\/avatar\/fc642545621257206083f066631fe607f7feef26b40d4c54d8ce5bbd466fe17e?s=96&d=mm&r=g","caption":"Krzysztof Ko\u0142odziej"},"url":"https:\/\/www.krzysztofkolodziej.com\/domkopernika\/author\/krzysztof-kolodziej\/"}]}},"_links":{"self":[{"href":"https:\/\/www.krzysztofkolodziej.com\/domkopernika\/wp-json\/wp\/v2\/posts\/36705","targetHints":{"allow":["GET"]}}],"collection":[{"href":"https:\/\/www.krzysztofkolodziej.com\/domkopernika\/wp-json\/wp\/v2\/posts"}],"about":[{"href":"https:\/\/www.krzysztofkolodziej.com\/domkopernika\/wp-json\/wp\/v2\/types\/post"}],"author":[{"embeddable":true,"href":"https:\/\/www.krzysztofkolodziej.com\/domkopernika\/wp-json\/wp\/v2\/users\/4"}],"replies":[{"embeddable":true,"href":"https:\/\/www.krzysztofkolodziej.com\/domkopernika\/wp-json\/wp\/v2\/comments?post=36705"}],"version-history":[{"count":1,"href":"https:\/\/www.krzysztofkolodziej.com\/domkopernika\/wp-json\/wp\/v2\/posts\/36705\/revisions"}],"predecessor-version":[{"id":36707,"href":"https:\/\/www.krzysztofkolodziej.com\/domkopernika\/wp-json\/wp\/v2\/posts\/36705\/revisions\/36707"}],"wp:featuredmedia":[{"embeddable":true,"href":"https:\/\/www.krzysztofkolodziej.com\/domkopernika\/wp-json\/wp\/v2\/media\/36706"}],"wp:attachment":[{"href":"https:\/\/www.krzysztofkolodziej.com\/domkopernika\/wp-json\/wp\/v2\/media?parent=36705"}],"wp:term":[{"taxonomy":"category","embeddable":true,"href":"https:\/\/www.krzysztofkolodziej.com\/domkopernika\/wp-json\/wp\/v2\/categories?post=36705"},{"taxonomy":"post_tag","embeddable":true,"href":"https:\/\/www.krzysztofkolodziej.com\/domkopernika\/wp-json\/wp\/v2\/tags?post=36705"}],"curies":[{"name":"wp","href":"https:\/\/api.w.org\/{rel}","templated":true}]}}