{"id":36534,"date":"2024-11-04T08:20:10","date_gmt":"2024-11-04T06:20:10","guid":{"rendered":"https:\/\/www.krzysztofkolodziej.com\/domkopernika\/?p=36534"},"modified":"2024-11-04T08:21:05","modified_gmt":"2024-11-04T06:21:05","slug":"nieznany-walc-chopina-odkryto-w-muzeum-morgana","status":"publish","type":"post","link":"https:\/\/www.krzysztofkolodziej.com\/domkopernika\/filozofia-i-teologia\/nieznany-walc-chopina-odkryto-w-muzeum-morgana\/","title":{"rendered":"Nieznany walc Chopina odkryto w muzeum Morgana"},"content":{"rendered":"<div id=\"bsf_rt_marker\"><\/div>\n<div class=\"elementor elementor-19019\" data-elementor-type=\"wp-post\" data-elementor-id=\"19019\" data-elementor-post-type=\"post\">\n<div class=\"elementor-element elementor-element-1091200f e-flex e-con-boxed e-con e-parent\" data-id=\"1091200f\" data-element_type=\"container\">\n<div class=\"e-con-inner\">\n<div class=\"elementor-element elementor-element-3d97c4e2 elementor-widget elementor-widget-text-editor\" data-id=\"3d97c4e2\" data-element_type=\"widget\" data-widget_type=\"text-editor.default\">\n<div class=\"elementor-widget-container\">\n<p>Manuskrypt z zapisem nieznanego wcze\u015bniej walca autorstwa Fryderyka Chopina zosta\u0142 odnaleziony przez kuratora w bibliotece i muzeum Morgan na nowojorskim Manhattanie.<\/p>\n<p>Zesp\u00f3\u0142 ekspert\u00f3w muzeum Morgana zbada\u0142 manuskrypt oceniaj\u0105c papier, atrament, styl pisania, a tak\u017ce styl muzyczny. Manuskrypt wed\u0142ug ekspert\u00f3w powsta\u0142 mi\u0119dzy 1830 a 1835 r., gdy Chopin mia\u0142 niewiele ponad 20 lat. Utw\u00f3r jest kr\u00f3tszy ni\u017c inne znane walce kompozytora. Jest utrzymany w tonacji a-moll posiada niezwyk\u0142e oznaczenia dynamiczne, w tym w okolicach pocz\u0105tku potr\u00f3jne forte, oznaczaj\u0105ce maksymaln\u0105 g\u0142o\u015bno\u015b\u0107.<\/p>\n<p><img fetchpriority=\"high\" decoding=\"async\" class=\"alignnone size-large wp-image-19021\" src=\"https:\/\/www.krzysztofkolodziej.com\/domkopernika\/wp-content\/uploads\/2024\/10\/464908632_958098573015409_5051350964245935778_n-1024x836-1.jpg\" sizes=\"(max-width: 1024px) 100vw, 1024px\" srcset=\"https:\/\/www.krzysztofkolodziej.com\/domkopernika\/wp-content\/uploads\/2024\/10\/464908632_958098573015409_5051350964245935778_n-1024x836-1.jpg 1024w, https:\/\/www.sgmk.edu.pl\/wp-content\/uploads\/2024\/10\/464908632_958098573015409_5051350964245935778_n-300x245.jpg 300w, https:\/\/www.sgmk.edu.pl\/wp-content\/uploads\/2024\/10\/464908632_958098573015409_5051350964245935778_n-768x627.jpg 768w, https:\/\/www.sgmk.edu.pl\/wp-content\/uploads\/2024\/10\/464908632_958098573015409_5051350964245935778_n-1536x1253.jpg 1536w, https:\/\/www.sgmk.edu.pl\/wp-content\/uploads\/2024\/10\/464908632_958098573015409_5051350964245935778_n.jpg 2048w\" alt=\"\" width=\"1024\" height=\"836\" \/><\/p>\n<p>Jak poinformowa\u0142o Muzeum r\u0119kopis zawiera 24 zapisane takty, kt\u00f3re pianista powtarza raz. Pocz\u0105tek jest niezwyk\u0142y: kilka nastrojowych, dysonansowych takt\u00f3w ko\u0144czy si\u0119 g\u0142o\u015bnym wybuchem, po czym rozpoczyna si\u0119 melancholijna melodia. \u017baden ze znanych walc\u00f3w Chopina nie zaczyna si\u0119 w ten spos\u00f3b, co czyni go jeszcze bardziej intryguj\u0105cym. Trwaj\u0105cy oko\u0142o minuty, jest to najkr\u00f3tszy z jego walc\u00f3w, ale posiada charakterystyczn\u0105 \u201ezwarto\u015b\u0107\u201d jego uko\u0144czonych dzie\u0142. R\u0119kopis jest niewiele wi\u0119kszy od karty indeksowej (102 x 130 mm, oko\u0142o 4 x 5 cali), prawdopodobnie przeznaczony jako prezent do czyjego\u015b albumu z autografami. Chopin zwykle podpisywa\u0142 podarowane r\u0119kopisy, ale ten jest niepodpisany, co sugeruje, \u017ce zmieni\u0142 zdanie i go wstrzyma\u0142.<\/p>\n<p>Muzeum jest przekonane, \u017ce autorem walca jest Chopin, o czym \u015bwiadczy kilka charakterystycznych element\u00f3w: papier i atrament s\u0105 zgodne z tym, czego u\u017cywa\u0142 Chopin w tamtym czasie, pismo odpowiada charakterowi pisma kompozytora, uwzgl\u0119dnia nietypowy zapis symbolu klucza basowego (inny r\u0119kopis Chopina w zbiorach muzeum Morgana pokazuje podobny symbol klucza basowego).<\/p>\n<\/div>\n<\/div>\n<\/div>\n<\/div>\n<\/div>\n","protected":false},"excerpt":{"rendered":"<p>Manuskrypt z zapisem nieznanego wcze\u015bniej walca autorstwa Fryderyka Chopina zosta\u0142 odnaleziony przez kuratora w bibliotece i muzeum Morgan na nowojorskim Manhattanie. Zesp\u00f3\u0142 ekspert\u00f3w muzeum Morgana zbada\u0142 manuskrypt oceniaj\u0105c papier, atrament,&hellip;<\/p>\n","protected":false},"author":4,"featured_media":36535,"comment_status":"closed","ping_status":"closed","sticky":false,"template":"","format":"standard","meta":{"footnotes":""},"categories":[313],"tags":[],"class_list":["post-36534","post","type-post","status-publish","format-standard","has-post-thumbnail","hentry","category-filozofia-i-teologia"],"yoast_head":"<!-- This site is optimized with the Yoast SEO plugin v27.5 - https:\/\/yoast.com\/product\/yoast-seo-wordpress\/ -->\n<title>Dom Kopernika - Nieznany walc Chopina odkryto w muzeum Morgana<\/title>\n<meta name=\"robots\" content=\"noindex, follow\" \/>\n<meta property=\"og:locale\" content=\"pl_PL\" \/>\n<meta property=\"og:type\" content=\"article\" \/>\n<meta property=\"og:title\" content=\"Dom Kopernika - Nieznany walc Chopina odkryto w muzeum Morgana\" \/>\n<meta property=\"og:description\" content=\"Manuskrypt z zapisem nieznanego wcze\u015bniej walca autorstwa Fryderyka Chopina zosta\u0142 odnaleziony przez kuratora w bibliotece i muzeum Morgan na nowojorskim Manhattanie. Zesp\u00f3\u0142 ekspert\u00f3w muzeum Morgana zbada\u0142 manuskrypt oceniaj\u0105c papier, atrament,&hellip;\" \/>\n<meta property=\"og:url\" content=\"https:\/\/www.krzysztofkolodziej.com\/domkopernika\/filozofia-i-teologia\/nieznany-walc-chopina-odkryto-w-muzeum-morgana\/\" \/>\n<meta property=\"og:site_name\" content=\"Dom Kopernika\" \/>\n<meta property=\"article:published_time\" content=\"2024-11-04T06:20:10+00:00\" \/>\n<meta property=\"article:modified_time\" content=\"2024-11-04T06:21:05+00:00\" \/>\n<meta property=\"og:image\" content=\"https:\/\/www.krzysztofkolodziej.com\/domkopernika\/wp-content\/uploads\/2024\/10\/464908632_958098573015409_5051350964245935778_n-1024x836-1.jpg\" \/>\n\t<meta property=\"og:image:width\" content=\"1024\" \/>\n\t<meta property=\"og:image:height\" content=\"836\" \/>\n\t<meta property=\"og:image:type\" content=\"image\/jpeg\" \/>\n<meta name=\"author\" content=\"Krzysztof Ko\u0142odziej\" \/>\n<meta name=\"twitter:card\" content=\"summary_large_image\" \/>\n<meta name=\"twitter:label1\" content=\"Napisane przez\" \/>\n\t<meta name=\"twitter:data1\" content=\"Krzysztof Ko\u0142odziej\" \/>\n\t<meta name=\"twitter:label2\" content=\"Szacowany czas czytania\" \/>\n\t<meta name=\"twitter:data2\" content=\"2 minuty\" \/>\n<script type=\"application\/ld+json\" class=\"yoast-schema-graph\">{\"@context\":\"https:\\\/\\\/schema.org\",\"@graph\":[{\"@type\":\"NewsArticle\",\"@id\":\"https:\\\/\\\/www.krzysztofkolodziej.com\\\/domkopernika\\\/filozofia-i-teologia\\\/nieznany-walc-chopina-odkryto-w-muzeum-morgana\\\/#article\",\"isPartOf\":{\"@id\":\"https:\\\/\\\/www.krzysztofkolodziej.com\\\/domkopernika\\\/filozofia-i-teologia\\\/nieznany-walc-chopina-odkryto-w-muzeum-morgana\\\/\"},\"author\":{\"name\":\"Krzysztof Ko\u0142odziej\",\"@id\":\"https:\\\/\\\/www.krzysztofkolodziej.com\\\/domkopernika\\\/#\\\/schema\\\/person\\\/875cb93c53b4270be43f471e7ed855ae\"},\"headline\":\"Nieznany walc Chopina odkryto w muzeum Morgana\",\"datePublished\":\"2024-11-04T06:20:10+00:00\",\"dateModified\":\"2024-11-04T06:21:05+00:00\",\"mainEntityOfPage\":{\"@id\":\"https:\\\/\\\/www.krzysztofkolodziej.com\\\/domkopernika\\\/filozofia-i-teologia\\\/nieznany-walc-chopina-odkryto-w-muzeum-morgana\\\/\"},\"wordCount\":272,\"image\":{\"@id\":\"https:\\\/\\\/www.krzysztofkolodziej.com\\\/domkopernika\\\/filozofia-i-teologia\\\/nieznany-walc-chopina-odkryto-w-muzeum-morgana\\\/#primaryimage\"},\"thumbnailUrl\":\"https:\\\/\\\/www.krzysztofkolodziej.com\\\/domkopernika\\\/wp-content\\\/uploads\\\/2024\\\/10\\\/464908632_958098573015409_5051350964245935778_n-1024x836-1.jpg\",\"articleSection\":[\"Filozofia i teologia\"],\"inLanguage\":\"pl-PL\"},{\"@type\":\"WebPage\",\"@id\":\"https:\\\/\\\/www.krzysztofkolodziej.com\\\/domkopernika\\\/filozofia-i-teologia\\\/nieznany-walc-chopina-odkryto-w-muzeum-morgana\\\/\",\"url\":\"https:\\\/\\\/www.krzysztofkolodziej.com\\\/domkopernika\\\/filozofia-i-teologia\\\/nieznany-walc-chopina-odkryto-w-muzeum-morgana\\\/\",\"name\":\"Dom Kopernika - Nieznany walc Chopina odkryto w muzeum Morgana\",\"isPartOf\":{\"@id\":\"https:\\\/\\\/www.krzysztofkolodziej.com\\\/domkopernika\\\/#website\"},\"primaryImageOfPage\":{\"@id\":\"https:\\\/\\\/www.krzysztofkolodziej.com\\\/domkopernika\\\/filozofia-i-teologia\\\/nieznany-walc-chopina-odkryto-w-muzeum-morgana\\\/#primaryimage\"},\"image\":{\"@id\":\"https:\\\/\\\/www.krzysztofkolodziej.com\\\/domkopernika\\\/filozofia-i-teologia\\\/nieznany-walc-chopina-odkryto-w-muzeum-morgana\\\/#primaryimage\"},\"thumbnailUrl\":\"https:\\\/\\\/www.krzysztofkolodziej.com\\\/domkopernika\\\/wp-content\\\/uploads\\\/2024\\\/10\\\/464908632_958098573015409_5051350964245935778_n-1024x836-1.jpg\",\"datePublished\":\"2024-11-04T06:20:10+00:00\",\"dateModified\":\"2024-11-04T06:21:05+00:00\",\"author\":{\"@id\":\"https:\\\/\\\/www.krzysztofkolodziej.com\\\/domkopernika\\\/#\\\/schema\\\/person\\\/875cb93c53b4270be43f471e7ed855ae\"},\"breadcrumb\":{\"@id\":\"https:\\\/\\\/www.krzysztofkolodziej.com\\\/domkopernika\\\/filozofia-i-teologia\\\/nieznany-walc-chopina-odkryto-w-muzeum-morgana\\\/#breadcrumb\"},\"inLanguage\":\"pl-PL\",\"potentialAction\":[{\"@type\":\"ReadAction\",\"target\":[\"https:\\\/\\\/www.krzysztofkolodziej.com\\\/domkopernika\\\/filozofia-i-teologia\\\/nieznany-walc-chopina-odkryto-w-muzeum-morgana\\\/\"]}]},{\"@type\":\"ImageObject\",\"inLanguage\":\"pl-PL\",\"@id\":\"https:\\\/\\\/www.krzysztofkolodziej.com\\\/domkopernika\\\/filozofia-i-teologia\\\/nieznany-walc-chopina-odkryto-w-muzeum-morgana\\\/#primaryimage\",\"url\":\"https:\\\/\\\/www.krzysztofkolodziej.com\\\/domkopernika\\\/wp-content\\\/uploads\\\/2024\\\/10\\\/464908632_958098573015409_5051350964245935778_n-1024x836-1.jpg\",\"contentUrl\":\"https:\\\/\\\/www.krzysztofkolodziej.com\\\/domkopernika\\\/wp-content\\\/uploads\\\/2024\\\/10\\\/464908632_958098573015409_5051350964245935778_n-1024x836-1.jpg\",\"width\":1024,\"height\":836},{\"@type\":\"BreadcrumbList\",\"@id\":\"https:\\\/\\\/www.krzysztofkolodziej.com\\\/domkopernika\\\/filozofia-i-teologia\\\/nieznany-walc-chopina-odkryto-w-muzeum-morgana\\\/#breadcrumb\",\"itemListElement\":[{\"@type\":\"ListItem\",\"position\":1,\"name\":\"Strona g\u0142\u00f3wna\",\"item\":\"https:\\\/\\\/www.krzysztofkolodziej.com\\\/domkopernika\\\/\"},{\"@type\":\"ListItem\",\"position\":2,\"name\":\"Nieznany walc Chopina odkryto w muzeum Morgana\"}]},{\"@type\":\"WebSite\",\"@id\":\"https:\\\/\\\/www.krzysztofkolodziej.com\\\/domkopernika\\\/#website\",\"url\":\"https:\\\/\\\/www.krzysztofkolodziej.com\\\/domkopernika\\\/\",\"name\":\"Dom Kopernika\",\"description\":\"\",\"potentialAction\":[{\"@type\":\"SearchAction\",\"target\":{\"@type\":\"EntryPoint\",\"urlTemplate\":\"https:\\\/\\\/www.krzysztofkolodziej.com\\\/domkopernika\\\/?s={search_term_string}\"},\"query-input\":{\"@type\":\"PropertyValueSpecification\",\"valueRequired\":true,\"valueName\":\"search_term_string\"}}],\"inLanguage\":\"pl-PL\"},{\"@type\":\"Person\",\"@id\":\"https:\\\/\\\/www.krzysztofkolodziej.com\\\/domkopernika\\\/#\\\/schema\\\/person\\\/875cb93c53b4270be43f471e7ed855ae\",\"name\":\"Krzysztof Ko\u0142odziej\",\"image\":{\"@type\":\"ImageObject\",\"inLanguage\":\"pl-PL\",\"@id\":\"https:\\\/\\\/secure.gravatar.com\\\/avatar\\\/fc642545621257206083f066631fe607f7feef26b40d4c54d8ce5bbd466fe17e?s=96&d=mm&r=g\",\"url\":\"https:\\\/\\\/secure.gravatar.com\\\/avatar\\\/fc642545621257206083f066631fe607f7feef26b40d4c54d8ce5bbd466fe17e?s=96&d=mm&r=g\",\"contentUrl\":\"https:\\\/\\\/secure.gravatar.com\\\/avatar\\\/fc642545621257206083f066631fe607f7feef26b40d4c54d8ce5bbd466fe17e?s=96&d=mm&r=g\",\"caption\":\"Krzysztof Ko\u0142odziej\"},\"url\":\"https:\\\/\\\/www.krzysztofkolodziej.com\\\/domkopernika\\\/author\\\/krzysztof-kolodziej\\\/\"}]}<\/script>\n<!-- \/ Yoast SEO plugin. -->","yoast_head_json":{"title":"Dom Kopernika - Nieznany walc Chopina odkryto w muzeum Morgana","robots":{"index":"noindex","follow":"follow"},"og_locale":"pl_PL","og_type":"article","og_title":"Dom Kopernika - Nieznany walc Chopina odkryto w muzeum Morgana","og_description":"Manuskrypt z zapisem nieznanego wcze\u015bniej walca autorstwa Fryderyka Chopina zosta\u0142 odnaleziony przez kuratora w bibliotece i muzeum Morgan na nowojorskim Manhattanie. Zesp\u00f3\u0142 ekspert\u00f3w muzeum Morgana zbada\u0142 manuskrypt oceniaj\u0105c papier, atrament,&hellip;","og_url":"https:\/\/www.krzysztofkolodziej.com\/domkopernika\/filozofia-i-teologia\/nieznany-walc-chopina-odkryto-w-muzeum-morgana\/","og_site_name":"Dom Kopernika","article_published_time":"2024-11-04T06:20:10+00:00","article_modified_time":"2024-11-04T06:21:05+00:00","og_image":[{"width":1024,"height":836,"url":"https:\/\/www.krzysztofkolodziej.com\/domkopernika\/wp-content\/uploads\/2024\/10\/464908632_958098573015409_5051350964245935778_n-1024x836-1.jpg","type":"image\/jpeg"}],"author":"Krzysztof Ko\u0142odziej","twitter_card":"summary_large_image","twitter_misc":{"Napisane przez":"Krzysztof Ko\u0142odziej","Szacowany czas czytania":"2 minuty"},"schema":{"@context":"https:\/\/schema.org","@graph":[{"@type":"NewsArticle","@id":"https:\/\/www.krzysztofkolodziej.com\/domkopernika\/filozofia-i-teologia\/nieznany-walc-chopina-odkryto-w-muzeum-morgana\/#article","isPartOf":{"@id":"https:\/\/www.krzysztofkolodziej.com\/domkopernika\/filozofia-i-teologia\/nieznany-walc-chopina-odkryto-w-muzeum-morgana\/"},"author":{"name":"Krzysztof Ko\u0142odziej","@id":"https:\/\/www.krzysztofkolodziej.com\/domkopernika\/#\/schema\/person\/875cb93c53b4270be43f471e7ed855ae"},"headline":"Nieznany walc Chopina odkryto w muzeum Morgana","datePublished":"2024-11-04T06:20:10+00:00","dateModified":"2024-11-04T06:21:05+00:00","mainEntityOfPage":{"@id":"https:\/\/www.krzysztofkolodziej.com\/domkopernika\/filozofia-i-teologia\/nieznany-walc-chopina-odkryto-w-muzeum-morgana\/"},"wordCount":272,"image":{"@id":"https:\/\/www.krzysztofkolodziej.com\/domkopernika\/filozofia-i-teologia\/nieznany-walc-chopina-odkryto-w-muzeum-morgana\/#primaryimage"},"thumbnailUrl":"https:\/\/www.krzysztofkolodziej.com\/domkopernika\/wp-content\/uploads\/2024\/10\/464908632_958098573015409_5051350964245935778_n-1024x836-1.jpg","articleSection":["Filozofia i teologia"],"inLanguage":"pl-PL"},{"@type":"WebPage","@id":"https:\/\/www.krzysztofkolodziej.com\/domkopernika\/filozofia-i-teologia\/nieznany-walc-chopina-odkryto-w-muzeum-morgana\/","url":"https:\/\/www.krzysztofkolodziej.com\/domkopernika\/filozofia-i-teologia\/nieznany-walc-chopina-odkryto-w-muzeum-morgana\/","name":"Dom Kopernika - Nieznany walc Chopina odkryto w muzeum Morgana","isPartOf":{"@id":"https:\/\/www.krzysztofkolodziej.com\/domkopernika\/#website"},"primaryImageOfPage":{"@id":"https:\/\/www.krzysztofkolodziej.com\/domkopernika\/filozofia-i-teologia\/nieznany-walc-chopina-odkryto-w-muzeum-morgana\/#primaryimage"},"image":{"@id":"https:\/\/www.krzysztofkolodziej.com\/domkopernika\/filozofia-i-teologia\/nieznany-walc-chopina-odkryto-w-muzeum-morgana\/#primaryimage"},"thumbnailUrl":"https:\/\/www.krzysztofkolodziej.com\/domkopernika\/wp-content\/uploads\/2024\/10\/464908632_958098573015409_5051350964245935778_n-1024x836-1.jpg","datePublished":"2024-11-04T06:20:10+00:00","dateModified":"2024-11-04T06:21:05+00:00","author":{"@id":"https:\/\/www.krzysztofkolodziej.com\/domkopernika\/#\/schema\/person\/875cb93c53b4270be43f471e7ed855ae"},"breadcrumb":{"@id":"https:\/\/www.krzysztofkolodziej.com\/domkopernika\/filozofia-i-teologia\/nieznany-walc-chopina-odkryto-w-muzeum-morgana\/#breadcrumb"},"inLanguage":"pl-PL","potentialAction":[{"@type":"ReadAction","target":["https:\/\/www.krzysztofkolodziej.com\/domkopernika\/filozofia-i-teologia\/nieznany-walc-chopina-odkryto-w-muzeum-morgana\/"]}]},{"@type":"ImageObject","inLanguage":"pl-PL","@id":"https:\/\/www.krzysztofkolodziej.com\/domkopernika\/filozofia-i-teologia\/nieznany-walc-chopina-odkryto-w-muzeum-morgana\/#primaryimage","url":"https:\/\/www.krzysztofkolodziej.com\/domkopernika\/wp-content\/uploads\/2024\/10\/464908632_958098573015409_5051350964245935778_n-1024x836-1.jpg","contentUrl":"https:\/\/www.krzysztofkolodziej.com\/domkopernika\/wp-content\/uploads\/2024\/10\/464908632_958098573015409_5051350964245935778_n-1024x836-1.jpg","width":1024,"height":836},{"@type":"BreadcrumbList","@id":"https:\/\/www.krzysztofkolodziej.com\/domkopernika\/filozofia-i-teologia\/nieznany-walc-chopina-odkryto-w-muzeum-morgana\/#breadcrumb","itemListElement":[{"@type":"ListItem","position":1,"name":"Strona g\u0142\u00f3wna","item":"https:\/\/www.krzysztofkolodziej.com\/domkopernika\/"},{"@type":"ListItem","position":2,"name":"Nieznany walc Chopina odkryto w muzeum Morgana"}]},{"@type":"WebSite","@id":"https:\/\/www.krzysztofkolodziej.com\/domkopernika\/#website","url":"https:\/\/www.krzysztofkolodziej.com\/domkopernika\/","name":"Dom Kopernika","description":"","potentialAction":[{"@type":"SearchAction","target":{"@type":"EntryPoint","urlTemplate":"https:\/\/www.krzysztofkolodziej.com\/domkopernika\/?s={search_term_string}"},"query-input":{"@type":"PropertyValueSpecification","valueRequired":true,"valueName":"search_term_string"}}],"inLanguage":"pl-PL"},{"@type":"Person","@id":"https:\/\/www.krzysztofkolodziej.com\/domkopernika\/#\/schema\/person\/875cb93c53b4270be43f471e7ed855ae","name":"Krzysztof Ko\u0142odziej","image":{"@type":"ImageObject","inLanguage":"pl-PL","@id":"https:\/\/secure.gravatar.com\/avatar\/fc642545621257206083f066631fe607f7feef26b40d4c54d8ce5bbd466fe17e?s=96&d=mm&r=g","url":"https:\/\/secure.gravatar.com\/avatar\/fc642545621257206083f066631fe607f7feef26b40d4c54d8ce5bbd466fe17e?s=96&d=mm&r=g","contentUrl":"https:\/\/secure.gravatar.com\/avatar\/fc642545621257206083f066631fe607f7feef26b40d4c54d8ce5bbd466fe17e?s=96&d=mm&r=g","caption":"Krzysztof Ko\u0142odziej"},"url":"https:\/\/www.krzysztofkolodziej.com\/domkopernika\/author\/krzysztof-kolodziej\/"}]}},"_links":{"self":[{"href":"https:\/\/www.krzysztofkolodziej.com\/domkopernika\/wp-json\/wp\/v2\/posts\/36534","targetHints":{"allow":["GET"]}}],"collection":[{"href":"https:\/\/www.krzysztofkolodziej.com\/domkopernika\/wp-json\/wp\/v2\/posts"}],"about":[{"href":"https:\/\/www.krzysztofkolodziej.com\/domkopernika\/wp-json\/wp\/v2\/types\/post"}],"author":[{"embeddable":true,"href":"https:\/\/www.krzysztofkolodziej.com\/domkopernika\/wp-json\/wp\/v2\/users\/4"}],"replies":[{"embeddable":true,"href":"https:\/\/www.krzysztofkolodziej.com\/domkopernika\/wp-json\/wp\/v2\/comments?post=36534"}],"version-history":[{"count":1,"href":"https:\/\/www.krzysztofkolodziej.com\/domkopernika\/wp-json\/wp\/v2\/posts\/36534\/revisions"}],"predecessor-version":[{"id":36543,"href":"https:\/\/www.krzysztofkolodziej.com\/domkopernika\/wp-json\/wp\/v2\/posts\/36534\/revisions\/36543"}],"wp:featuredmedia":[{"embeddable":true,"href":"https:\/\/www.krzysztofkolodziej.com\/domkopernika\/wp-json\/wp\/v2\/media\/36535"}],"wp:attachment":[{"href":"https:\/\/www.krzysztofkolodziej.com\/domkopernika\/wp-json\/wp\/v2\/media?parent=36534"}],"wp:term":[{"taxonomy":"category","embeddable":true,"href":"https:\/\/www.krzysztofkolodziej.com\/domkopernika\/wp-json\/wp\/v2\/categories?post=36534"},{"taxonomy":"post_tag","embeddable":true,"href":"https:\/\/www.krzysztofkolodziej.com\/domkopernika\/wp-json\/wp\/v2\/tags?post=36534"}],"curies":[{"name":"wp","href":"https:\/\/api.w.org\/{rel}","templated":true}]}}