{"id":36239,"date":"2024-10-16T14:36:39","date_gmt":"2024-10-16T12:36:39","guid":{"rendered":"https:\/\/www.krzysztofkolodziej.com\/domkopernika\/?p=36239"},"modified":"2024-10-25T14:43:40","modified_gmt":"2024-10-25T12:43:40","slug":"na-politechnice-wroclawskiej-powstaje-bioniczna-proteza-reki","status":"publish","type":"post","link":"https:\/\/www.krzysztofkolodziej.com\/domkopernika\/medycyna\/na-politechnice-wroclawskiej-powstaje-bioniczna-proteza-reki\/","title":{"rendered":"Na Politechnice Wroc\u0142awskiej powstaje bioniczna proteza r\u0119ki"},"content":{"rendered":"<p>Naukowcy z Politechniki Wroc\u0142awskiej pracuj\u0105 nad bioniczn\u0105 protez\u0105 r\u0119ki przeznaczon\u0105 dla os\u00f3b z jednostronn\u0105 lub dwustronn\u0105 amputacj\u0105 na poziomie przedramienia. Mo\u017ce wykonywa\u0107 r\u00f3\u017cne ruchy chwytne oraz manipulacyjne i jest sterowana przy pomocy biosygna\u0142\u00f3w rejestrowanych na kikucie amputowanej ko\u0144czyny i analizowanych z wykorzystaniem sztucznej inteligencji. Urz\u0105dzenie jest ju\u017c niemal gotowe.<\/p>\n<p>Proteza o nazwie BEEPP (Bionic, Ergonomic, Economic, Polish Prosthesis) wa\u017cy 500 g, a jej maksymalna si\u0142a uchwytu wynosi ok 100 N. Jest przeznaczona dla os\u00f3b z jednostronn\u0105 lub dwustronn\u0105 amputacj\u0105 r\u0119ki na poziomie przedramienia (tzw. amputacja transradialna). Projekt zak\u0142ada, \u017ce b\u0119dzie mo\u017cliwa jej personalizacja ze wzgl\u0119du na rodzaj amputacji: prawa\/lewa ko\u0144czyna, kszta\u0142t kikuta oraz postur\u0119 cia\u0142a pacjenta \u2013 w zakresie rozmiar\u00f3w aktywnej ortezy \u0142okcia, mocowania systemu pomiaru biosygna\u0142\u00f3w na kikucie, przedramienia\u00a0\u2013 oraz samej r\u0119ki w dw\u00f3ch lub trzech rozmiarach.<\/p>\n<figure id=\"attachment_18681\" aria-describedby=\"caption-attachment-18681\" style=\"width: 1024px\" class=\"wp-caption alignnone\"><img fetchpriority=\"high\" decoding=\"async\" class=\"size-large wp-image-18681\" src=\"https:\/\/www.sgmk.edu.pl\/wp-content\/uploads\/2024\/10\/bn1122-1024x682.jpg\" alt=\"\" width=\"1024\" height=\"682\" \/><figcaption id=\"caption-attachment-18681\" class=\"wp-caption-text\">Proteza BEEPP. \u0179r\u00f3d\u0142o: PWr<\/figcaption><\/figure>\n<p>W sk\u0142ad zespo\u0142u projektowego wesz\u0142o w sumie dwana\u015bcie os\u00f3b z PWr \u2013 w tym m.in. informatycy, mechanicy, elektronicy oraz automatycy i robotycy. W realizacj\u0119 projektu by\u0142 tak\u017ce zaanga\u017cowany specjalista w zakresie chirurgii i rehabilitacji z\u00a0Uniwersytetu Medycznego we Wroc\u0142awiu, specjalista biomechanik z\u00a0Politechniki Warszawskiej\u00a0oraz firma protetyczna\u00a0Ortopes, wspomagaj\u0105ca projektowanie element\u00f3w interfejsu protezy z pacjentem.<\/p>\n<figure id=\"attachment_18682\" aria-describedby=\"caption-attachment-18682\" style=\"width: 1024px\" class=\"wp-caption alignnone\"><img decoding=\"async\" class=\"size-large wp-image-18682\" src=\"https:\/\/www.sgmk.edu.pl\/wp-content\/uploads\/2024\/10\/01_zespol_projektowy-1024x449.jpg\" alt=\"\" width=\"1024\" height=\"449\" \/><figcaption id=\"caption-attachment-18682\" class=\"wp-caption-text\">Zesp\u00f3\u0142 projektowy. \u0179r\u00f3d\u0142o: PWr<\/figcaption><\/figure>\n<p>Konstruktorzy przygotowuj\u0105 si\u0119 do test\u00f3w z pacjentami, kt\u00f3re zaplanowano na koniec tego roku. Osoby po amputacji r\u0119ki zainteresowane udzia\u0142em w badaniach proszone s\u0105 o kontakt z kierownikiem projektu <a href=\"mailto:andrzej.wolczowski@pwr.edu.pl\"><strong>dr. in\u017c. Andrzejem Wo\u0142czowskim<\/strong><\/a>.<\/p>\n","protected":false},"excerpt":{"rendered":"<p>Naukowcy z Politechniki Wroc\u0142awskiej pracuj\u0105 nad bioniczn\u0105 protez\u0105 r\u0119ki przeznaczon\u0105 dla os\u00f3b z jednostronn\u0105 lub dwustronn\u0105 amputacj\u0105 na poziomie przedramienia. Mo\u017ce wykonywa\u0107 r\u00f3\u017cne ruchy chwytne oraz manipulacyjne i jest sterowana&hellip;<\/p>\n","protected":false},"author":4,"featured_media":36240,"comment_status":"closed","ping_status":"closed","sticky":false,"template":"","format":"standard","meta":{"footnotes":""},"categories":[309],"tags":[],"class_list":["post-36239","post","type-post","status-publish","format-standard","has-post-thumbnail","hentry","category-medycyna"],"yoast_head":"<!-- This site is optimized with the Yoast SEO plugin v27.5 - https:\/\/yoast.com\/product\/yoast-seo-wordpress\/ -->\n<title>Dom Kopernika - Na Politechnice Wroc\u0142awskiej powstaje bioniczna proteza r\u0119ki<\/title>\n<meta name=\"robots\" content=\"noindex, follow\" \/>\n<meta property=\"og:locale\" content=\"pl_PL\" \/>\n<meta property=\"og:type\" content=\"article\" \/>\n<meta property=\"og:title\" content=\"Dom Kopernika - Na Politechnice Wroc\u0142awskiej powstaje bioniczna proteza r\u0119ki\" \/>\n<meta property=\"og:description\" content=\"Naukowcy z Politechniki Wroc\u0142awskiej pracuj\u0105 nad bioniczn\u0105 protez\u0105 r\u0119ki przeznaczon\u0105 dla os\u00f3b z jednostronn\u0105 lub dwustronn\u0105 amputacj\u0105 na poziomie przedramienia. Mo\u017ce wykonywa\u0107 r\u00f3\u017cne ruchy chwytne oraz manipulacyjne i jest sterowana&hellip;\" \/>\n<meta property=\"og:url\" content=\"https:\/\/www.krzysztofkolodziej.com\/domkopernika\/medycyna\/na-politechnice-wroclawskiej-powstaje-bioniczna-proteza-reki\/\" \/>\n<meta property=\"og:site_name\" content=\"Dom Kopernika\" \/>\n<meta property=\"article:published_time\" content=\"2024-10-16T12:36:39+00:00\" \/>\n<meta property=\"article:modified_time\" content=\"2024-10-25T12:43:40+00:00\" \/>\n<meta property=\"og:image\" content=\"https:\/\/www.krzysztofkolodziej.com\/domkopernika\/wp-content\/uploads\/2024\/10\/bn1122-1024x682-1.jpg\" \/>\n\t<meta property=\"og:image:width\" content=\"1024\" \/>\n\t<meta property=\"og:image:height\" content=\"682\" \/>\n\t<meta property=\"og:image:type\" content=\"image\/jpeg\" \/>\n<meta name=\"author\" content=\"Krzysztof Ko\u0142odziej\" \/>\n<meta name=\"twitter:card\" content=\"summary_large_image\" \/>\n<meta name=\"twitter:label1\" content=\"Napisane przez\" \/>\n\t<meta name=\"twitter:data1\" content=\"Krzysztof Ko\u0142odziej\" \/>\n\t<meta name=\"twitter:label2\" content=\"Szacowany czas czytania\" \/>\n\t<meta name=\"twitter:data2\" content=\"1 minuta\" \/>\n<script type=\"application\/ld+json\" class=\"yoast-schema-graph\">{\"@context\":\"https:\\\/\\\/schema.org\",\"@graph\":[{\"@type\":\"NewsArticle\",\"@id\":\"https:\\\/\\\/www.krzysztofkolodziej.com\\\/domkopernika\\\/medycyna\\\/na-politechnice-wroclawskiej-powstaje-bioniczna-proteza-reki\\\/#article\",\"isPartOf\":{\"@id\":\"https:\\\/\\\/www.krzysztofkolodziej.com\\\/domkopernika\\\/medycyna\\\/na-politechnice-wroclawskiej-powstaje-bioniczna-proteza-reki\\\/\"},\"author\":{\"name\":\"Krzysztof Ko\u0142odziej\",\"@id\":\"https:\\\/\\\/www.krzysztofkolodziej.com\\\/domkopernika\\\/#\\\/schema\\\/person\\\/875cb93c53b4270be43f471e7ed855ae\"},\"headline\":\"Na Politechnice Wroc\u0142awskiej powstaje bioniczna proteza r\u0119ki\",\"datePublished\":\"2024-10-16T12:36:39+00:00\",\"dateModified\":\"2024-10-25T12:43:40+00:00\",\"mainEntityOfPage\":{\"@id\":\"https:\\\/\\\/www.krzysztofkolodziej.com\\\/domkopernika\\\/medycyna\\\/na-politechnice-wroclawskiej-powstaje-bioniczna-proteza-reki\\\/\"},\"wordCount\":286,\"image\":{\"@id\":\"https:\\\/\\\/www.krzysztofkolodziej.com\\\/domkopernika\\\/medycyna\\\/na-politechnice-wroclawskiej-powstaje-bioniczna-proteza-reki\\\/#primaryimage\"},\"thumbnailUrl\":\"https:\\\/\\\/www.krzysztofkolodziej.com\\\/domkopernika\\\/wp-content\\\/uploads\\\/2024\\\/10\\\/bn1122-1024x682-1.jpg\",\"articleSection\":[\"Medycyna\"],\"inLanguage\":\"pl-PL\"},{\"@type\":\"WebPage\",\"@id\":\"https:\\\/\\\/www.krzysztofkolodziej.com\\\/domkopernika\\\/medycyna\\\/na-politechnice-wroclawskiej-powstaje-bioniczna-proteza-reki\\\/\",\"url\":\"https:\\\/\\\/www.krzysztofkolodziej.com\\\/domkopernika\\\/medycyna\\\/na-politechnice-wroclawskiej-powstaje-bioniczna-proteza-reki\\\/\",\"name\":\"Dom Kopernika - Na Politechnice Wroc\u0142awskiej powstaje bioniczna proteza r\u0119ki\",\"isPartOf\":{\"@id\":\"https:\\\/\\\/www.krzysztofkolodziej.com\\\/domkopernika\\\/#website\"},\"primaryImageOfPage\":{\"@id\":\"https:\\\/\\\/www.krzysztofkolodziej.com\\\/domkopernika\\\/medycyna\\\/na-politechnice-wroclawskiej-powstaje-bioniczna-proteza-reki\\\/#primaryimage\"},\"image\":{\"@id\":\"https:\\\/\\\/www.krzysztofkolodziej.com\\\/domkopernika\\\/medycyna\\\/na-politechnice-wroclawskiej-powstaje-bioniczna-proteza-reki\\\/#primaryimage\"},\"thumbnailUrl\":\"https:\\\/\\\/www.krzysztofkolodziej.com\\\/domkopernika\\\/wp-content\\\/uploads\\\/2024\\\/10\\\/bn1122-1024x682-1.jpg\",\"datePublished\":\"2024-10-16T12:36:39+00:00\",\"dateModified\":\"2024-10-25T12:43:40+00:00\",\"author\":{\"@id\":\"https:\\\/\\\/www.krzysztofkolodziej.com\\\/domkopernika\\\/#\\\/schema\\\/person\\\/875cb93c53b4270be43f471e7ed855ae\"},\"breadcrumb\":{\"@id\":\"https:\\\/\\\/www.krzysztofkolodziej.com\\\/domkopernika\\\/medycyna\\\/na-politechnice-wroclawskiej-powstaje-bioniczna-proteza-reki\\\/#breadcrumb\"},\"inLanguage\":\"pl-PL\",\"potentialAction\":[{\"@type\":\"ReadAction\",\"target\":[\"https:\\\/\\\/www.krzysztofkolodziej.com\\\/domkopernika\\\/medycyna\\\/na-politechnice-wroclawskiej-powstaje-bioniczna-proteza-reki\\\/\"]}]},{\"@type\":\"ImageObject\",\"inLanguage\":\"pl-PL\",\"@id\":\"https:\\\/\\\/www.krzysztofkolodziej.com\\\/domkopernika\\\/medycyna\\\/na-politechnice-wroclawskiej-powstaje-bioniczna-proteza-reki\\\/#primaryimage\",\"url\":\"https:\\\/\\\/www.krzysztofkolodziej.com\\\/domkopernika\\\/wp-content\\\/uploads\\\/2024\\\/10\\\/bn1122-1024x682-1.jpg\",\"contentUrl\":\"https:\\\/\\\/www.krzysztofkolodziej.com\\\/domkopernika\\\/wp-content\\\/uploads\\\/2024\\\/10\\\/bn1122-1024x682-1.jpg\",\"width\":1024,\"height\":682},{\"@type\":\"BreadcrumbList\",\"@id\":\"https:\\\/\\\/www.krzysztofkolodziej.com\\\/domkopernika\\\/medycyna\\\/na-politechnice-wroclawskiej-powstaje-bioniczna-proteza-reki\\\/#breadcrumb\",\"itemListElement\":[{\"@type\":\"ListItem\",\"position\":1,\"name\":\"Strona g\u0142\u00f3wna\",\"item\":\"https:\\\/\\\/www.krzysztofkolodziej.com\\\/domkopernika\\\/\"},{\"@type\":\"ListItem\",\"position\":2,\"name\":\"Na Politechnice Wroc\u0142awskiej powstaje bioniczna proteza r\u0119ki\"}]},{\"@type\":\"WebSite\",\"@id\":\"https:\\\/\\\/www.krzysztofkolodziej.com\\\/domkopernika\\\/#website\",\"url\":\"https:\\\/\\\/www.krzysztofkolodziej.com\\\/domkopernika\\\/\",\"name\":\"Dom Kopernika\",\"description\":\"\",\"potentialAction\":[{\"@type\":\"SearchAction\",\"target\":{\"@type\":\"EntryPoint\",\"urlTemplate\":\"https:\\\/\\\/www.krzysztofkolodziej.com\\\/domkopernika\\\/?s={search_term_string}\"},\"query-input\":{\"@type\":\"PropertyValueSpecification\",\"valueRequired\":true,\"valueName\":\"search_term_string\"}}],\"inLanguage\":\"pl-PL\"},{\"@type\":\"Person\",\"@id\":\"https:\\\/\\\/www.krzysztofkolodziej.com\\\/domkopernika\\\/#\\\/schema\\\/person\\\/875cb93c53b4270be43f471e7ed855ae\",\"name\":\"Krzysztof Ko\u0142odziej\",\"image\":{\"@type\":\"ImageObject\",\"inLanguage\":\"pl-PL\",\"@id\":\"https:\\\/\\\/secure.gravatar.com\\\/avatar\\\/fc642545621257206083f066631fe607f7feef26b40d4c54d8ce5bbd466fe17e?s=96&d=mm&r=g\",\"url\":\"https:\\\/\\\/secure.gravatar.com\\\/avatar\\\/fc642545621257206083f066631fe607f7feef26b40d4c54d8ce5bbd466fe17e?s=96&d=mm&r=g\",\"contentUrl\":\"https:\\\/\\\/secure.gravatar.com\\\/avatar\\\/fc642545621257206083f066631fe607f7feef26b40d4c54d8ce5bbd466fe17e?s=96&d=mm&r=g\",\"caption\":\"Krzysztof Ko\u0142odziej\"},\"url\":\"https:\\\/\\\/www.krzysztofkolodziej.com\\\/domkopernika\\\/author\\\/krzysztof-kolodziej\\\/\"}]}<\/script>\n<!-- \/ Yoast SEO plugin. -->","yoast_head_json":{"title":"Dom Kopernika - Na Politechnice Wroc\u0142awskiej powstaje bioniczna proteza r\u0119ki","robots":{"index":"noindex","follow":"follow"},"og_locale":"pl_PL","og_type":"article","og_title":"Dom Kopernika - Na Politechnice Wroc\u0142awskiej powstaje bioniczna proteza r\u0119ki","og_description":"Naukowcy z Politechniki Wroc\u0142awskiej pracuj\u0105 nad bioniczn\u0105 protez\u0105 r\u0119ki przeznaczon\u0105 dla os\u00f3b z jednostronn\u0105 lub dwustronn\u0105 amputacj\u0105 na poziomie przedramienia. Mo\u017ce wykonywa\u0107 r\u00f3\u017cne ruchy chwytne oraz manipulacyjne i jest sterowana&hellip;","og_url":"https:\/\/www.krzysztofkolodziej.com\/domkopernika\/medycyna\/na-politechnice-wroclawskiej-powstaje-bioniczna-proteza-reki\/","og_site_name":"Dom Kopernika","article_published_time":"2024-10-16T12:36:39+00:00","article_modified_time":"2024-10-25T12:43:40+00:00","og_image":[{"width":1024,"height":682,"url":"https:\/\/www.krzysztofkolodziej.com\/domkopernika\/wp-content\/uploads\/2024\/10\/bn1122-1024x682-1.jpg","type":"image\/jpeg"}],"author":"Krzysztof Ko\u0142odziej","twitter_card":"summary_large_image","twitter_misc":{"Napisane przez":"Krzysztof Ko\u0142odziej","Szacowany czas czytania":"1 minuta"},"schema":{"@context":"https:\/\/schema.org","@graph":[{"@type":"NewsArticle","@id":"https:\/\/www.krzysztofkolodziej.com\/domkopernika\/medycyna\/na-politechnice-wroclawskiej-powstaje-bioniczna-proteza-reki\/#article","isPartOf":{"@id":"https:\/\/www.krzysztofkolodziej.com\/domkopernika\/medycyna\/na-politechnice-wroclawskiej-powstaje-bioniczna-proteza-reki\/"},"author":{"name":"Krzysztof Ko\u0142odziej","@id":"https:\/\/www.krzysztofkolodziej.com\/domkopernika\/#\/schema\/person\/875cb93c53b4270be43f471e7ed855ae"},"headline":"Na Politechnice Wroc\u0142awskiej powstaje bioniczna proteza r\u0119ki","datePublished":"2024-10-16T12:36:39+00:00","dateModified":"2024-10-25T12:43:40+00:00","mainEntityOfPage":{"@id":"https:\/\/www.krzysztofkolodziej.com\/domkopernika\/medycyna\/na-politechnice-wroclawskiej-powstaje-bioniczna-proteza-reki\/"},"wordCount":286,"image":{"@id":"https:\/\/www.krzysztofkolodziej.com\/domkopernika\/medycyna\/na-politechnice-wroclawskiej-powstaje-bioniczna-proteza-reki\/#primaryimage"},"thumbnailUrl":"https:\/\/www.krzysztofkolodziej.com\/domkopernika\/wp-content\/uploads\/2024\/10\/bn1122-1024x682-1.jpg","articleSection":["Medycyna"],"inLanguage":"pl-PL"},{"@type":"WebPage","@id":"https:\/\/www.krzysztofkolodziej.com\/domkopernika\/medycyna\/na-politechnice-wroclawskiej-powstaje-bioniczna-proteza-reki\/","url":"https:\/\/www.krzysztofkolodziej.com\/domkopernika\/medycyna\/na-politechnice-wroclawskiej-powstaje-bioniczna-proteza-reki\/","name":"Dom Kopernika - Na Politechnice Wroc\u0142awskiej powstaje bioniczna proteza r\u0119ki","isPartOf":{"@id":"https:\/\/www.krzysztofkolodziej.com\/domkopernika\/#website"},"primaryImageOfPage":{"@id":"https:\/\/www.krzysztofkolodziej.com\/domkopernika\/medycyna\/na-politechnice-wroclawskiej-powstaje-bioniczna-proteza-reki\/#primaryimage"},"image":{"@id":"https:\/\/www.krzysztofkolodziej.com\/domkopernika\/medycyna\/na-politechnice-wroclawskiej-powstaje-bioniczna-proteza-reki\/#primaryimage"},"thumbnailUrl":"https:\/\/www.krzysztofkolodziej.com\/domkopernika\/wp-content\/uploads\/2024\/10\/bn1122-1024x682-1.jpg","datePublished":"2024-10-16T12:36:39+00:00","dateModified":"2024-10-25T12:43:40+00:00","author":{"@id":"https:\/\/www.krzysztofkolodziej.com\/domkopernika\/#\/schema\/person\/875cb93c53b4270be43f471e7ed855ae"},"breadcrumb":{"@id":"https:\/\/www.krzysztofkolodziej.com\/domkopernika\/medycyna\/na-politechnice-wroclawskiej-powstaje-bioniczna-proteza-reki\/#breadcrumb"},"inLanguage":"pl-PL","potentialAction":[{"@type":"ReadAction","target":["https:\/\/www.krzysztofkolodziej.com\/domkopernika\/medycyna\/na-politechnice-wroclawskiej-powstaje-bioniczna-proteza-reki\/"]}]},{"@type":"ImageObject","inLanguage":"pl-PL","@id":"https:\/\/www.krzysztofkolodziej.com\/domkopernika\/medycyna\/na-politechnice-wroclawskiej-powstaje-bioniczna-proteza-reki\/#primaryimage","url":"https:\/\/www.krzysztofkolodziej.com\/domkopernika\/wp-content\/uploads\/2024\/10\/bn1122-1024x682-1.jpg","contentUrl":"https:\/\/www.krzysztofkolodziej.com\/domkopernika\/wp-content\/uploads\/2024\/10\/bn1122-1024x682-1.jpg","width":1024,"height":682},{"@type":"BreadcrumbList","@id":"https:\/\/www.krzysztofkolodziej.com\/domkopernika\/medycyna\/na-politechnice-wroclawskiej-powstaje-bioniczna-proteza-reki\/#breadcrumb","itemListElement":[{"@type":"ListItem","position":1,"name":"Strona g\u0142\u00f3wna","item":"https:\/\/www.krzysztofkolodziej.com\/domkopernika\/"},{"@type":"ListItem","position":2,"name":"Na Politechnice Wroc\u0142awskiej powstaje bioniczna proteza r\u0119ki"}]},{"@type":"WebSite","@id":"https:\/\/www.krzysztofkolodziej.com\/domkopernika\/#website","url":"https:\/\/www.krzysztofkolodziej.com\/domkopernika\/","name":"Dom Kopernika","description":"","potentialAction":[{"@type":"SearchAction","target":{"@type":"EntryPoint","urlTemplate":"https:\/\/www.krzysztofkolodziej.com\/domkopernika\/?s={search_term_string}"},"query-input":{"@type":"PropertyValueSpecification","valueRequired":true,"valueName":"search_term_string"}}],"inLanguage":"pl-PL"},{"@type":"Person","@id":"https:\/\/www.krzysztofkolodziej.com\/domkopernika\/#\/schema\/person\/875cb93c53b4270be43f471e7ed855ae","name":"Krzysztof Ko\u0142odziej","image":{"@type":"ImageObject","inLanguage":"pl-PL","@id":"https:\/\/secure.gravatar.com\/avatar\/fc642545621257206083f066631fe607f7feef26b40d4c54d8ce5bbd466fe17e?s=96&d=mm&r=g","url":"https:\/\/secure.gravatar.com\/avatar\/fc642545621257206083f066631fe607f7feef26b40d4c54d8ce5bbd466fe17e?s=96&d=mm&r=g","contentUrl":"https:\/\/secure.gravatar.com\/avatar\/fc642545621257206083f066631fe607f7feef26b40d4c54d8ce5bbd466fe17e?s=96&d=mm&r=g","caption":"Krzysztof Ko\u0142odziej"},"url":"https:\/\/www.krzysztofkolodziej.com\/domkopernika\/author\/krzysztof-kolodziej\/"}]}},"_links":{"self":[{"href":"https:\/\/www.krzysztofkolodziej.com\/domkopernika\/wp-json\/wp\/v2\/posts\/36239","targetHints":{"allow":["GET"]}}],"collection":[{"href":"https:\/\/www.krzysztofkolodziej.com\/domkopernika\/wp-json\/wp\/v2\/posts"}],"about":[{"href":"https:\/\/www.krzysztofkolodziej.com\/domkopernika\/wp-json\/wp\/v2\/types\/post"}],"author":[{"embeddable":true,"href":"https:\/\/www.krzysztofkolodziej.com\/domkopernika\/wp-json\/wp\/v2\/users\/4"}],"replies":[{"embeddable":true,"href":"https:\/\/www.krzysztofkolodziej.com\/domkopernika\/wp-json\/wp\/v2\/comments?post=36239"}],"version-history":[{"count":1,"href":"https:\/\/www.krzysztofkolodziej.com\/domkopernika\/wp-json\/wp\/v2\/posts\/36239\/revisions"}],"predecessor-version":[{"id":36241,"href":"https:\/\/www.krzysztofkolodziej.com\/domkopernika\/wp-json\/wp\/v2\/posts\/36239\/revisions\/36241"}],"wp:featuredmedia":[{"embeddable":true,"href":"https:\/\/www.krzysztofkolodziej.com\/domkopernika\/wp-json\/wp\/v2\/media\/36240"}],"wp:attachment":[{"href":"https:\/\/www.krzysztofkolodziej.com\/domkopernika\/wp-json\/wp\/v2\/media?parent=36239"}],"wp:term":[{"taxonomy":"category","embeddable":true,"href":"https:\/\/www.krzysztofkolodziej.com\/domkopernika\/wp-json\/wp\/v2\/categories?post=36239"},{"taxonomy":"post_tag","embeddable":true,"href":"https:\/\/www.krzysztofkolodziej.com\/domkopernika\/wp-json\/wp\/v2\/tags?post=36239"}],"curies":[{"name":"wp","href":"https:\/\/api.w.org\/{rel}","templated":true}]}}